{"id":12774048,"date":"2025-11-27T08:00:16","date_gmt":"2025-11-27T07:00:16","guid":{"rendered":"https:\/\/okdiario.com\/metabolic\/?p=12774048"},"modified":"2025-11-26T23:07:55","modified_gmt":"2025-11-26T22:07:55","slug":"ni-a-los-65-ni-a-los-70-esta-es-la-mejor-edad-para-jubilarse-segun-la-psicologia","status":"publish","type":"post","link":"https:\/\/okdiario.com\/metabolic\/psicologia\/ni-a-los-65-ni-a-los-70-esta-es-la-mejor-edad-para-jubilarse-segun-la-psicologia-12774048\/","title":{"rendered":"Ni a los 65 ni a los 70: \u00e9sta es la mejor edad para jubilarse, seg\u00fan la psicolog\u00eda"},"content":{"rendered":"<p>A lo largo de la vida atravesamos distintas etapas que nos moldean, desde la infancia y la edad adulta hasta los a\u00f1os <a href=\"https:\/\/okdiario.com\/metabolic\/psicologia\/autoayuda\/las-claves-para-ser-feliz-en-el-trabajo-segun-harvard-12732071\/\">dedicados al trabajo<\/a> y a la construcci\u00f3n de proyectos personales. Pero existe un momento particular que marca una etapa significativa: la jubilaci\u00f3n. Esta fase suele asociarse con la idea de libertad, descanso y la posibilidad de disfrutar la vida sin despertadores, obligaciones laborales ni presiones diarias. Sin embargo, tambi\u00e9n despierta preguntas y desaf\u00edos emocionales. Reflexionar sobre la <strong>mejor edad para jubilarse<\/strong> implica analizar bienestar, deseo, salud y expectativas, factores que influyen profundamente en esta transici\u00f3n vital.<\/p>\n<p>En pa\u00edses como Francia, la psic\u00f3loga cl\u00ednica y psicoanalista Caroline Lambert, autora del libro \u201cAu risque de basculer\u201d (\u201cCon riesgo de volcarse\u201d), se\u00f1ala en una entrevista en <a href=\"https:\/\/www.psychologies.com\/travail\/carriere\/Voici-lage-ideal-ou-il-faut-prendre-sa-retraite-615897\" target=\"_blank\" rel=\"noopener\">Psyhologies<\/a>, que la edad de 64 a\u00f1os puede considerarse una referencia para jubilarse, no solo por<strong> criterios sociales o econ\u00f3micos<\/strong>, sino porque suele coincidir con un equilibrio entre capacidad vital, experiencia acumulada y necesidad de descanso. Al llegar esta etapa, las personas experimentan una mezcla de sensaciones: alivio, entusiasmo, incertidumbre o incluso duelo por la identidad profesional que se deja atr\u00e1s. La jubilaci\u00f3n presenta caracter\u00edsticas propias: mayor tiempo libre, reorganizaci\u00f3n de rutinas, redefinici\u00f3n de roles y nuevas oportunidades de exploraci\u00f3n personal. Muchas personas se jubilan por motivos de salud,<strong> desgaste emocional<\/strong>, deseo de libertad o cambios estructurales en sus empleos. Entender estas razones ayuda a transitar la transici\u00f3n de manera m\u00e1s consciente y saludable.<\/p>\n<h2>La mejor edad para jubilarse: \u00bfexiste una ideal?<\/h2>\n<p>La edad adecuada para dejar la vida laboral depende de factores f\u00edsicos, psicol\u00f3gicos, sociales y econ\u00f3micos. Sin embargo, algunos especialistas ofrecen orientaciones generales seg\u00fan la experiencia cl\u00ednica. La psic\u00f3loga y psicoanalista francesa Caroline Lambert, autora de \u201cAu risque de basculer\u201d (\u201cCon riesgo de volcarse\u201d), considera en una entrevista en <a href=\"https:\/\/www.psychologies.com\/travail\/carriere\/Voici-lage-ideal-ou-il-faut-prendre-sa-retraite-615897\" target=\"_blank\" rel=\"noopener\">Psyhologies<\/a>, que los 64 a\u00f1os representan una referencia significativa en Francia.<\/p>\n<p>Esta edad equilibra la experiencia adquirida con la necesidad de descanso y coincide con un momento vital en el que muchas personas a\u00fan mantienen energ\u00eda, deseo de actividad y <strong>capacidad de reorganizar su vida<\/strong> con proyectos nuevos.<\/p>\n<p>Por otro lado, un estudio de <a href=\"https:\/\/www.pewresearch.org\/global\/2025\/03\/19\/what-age-do-people-around-the-world-think-is-best-to-reach-major-life-milestones\/\" target=\"_blank\" rel=\"noopener\">Pew Research Center<\/a> asegura que \u00abEn la mayor\u00eda de los pa\u00edses, la edad ideal promedio para la jubilaci\u00f3n es menor que la edad a la que se pueden empezar a recibir las prestaciones de jubilaci\u00f3n basadas en la edad\u00bb.<\/p>\n<p>Lambert subraya que no es f\u00e1cil determinar un periodo pues no debe pensarse solo en t\u00e9rminos legales, sino tambi\u00e9n emocionales. \u00abTodo depende de la relaci\u00f3n con el trabajo, la salud general, el esfuerzo f\u00edsico y mental y, sobre todo, de lo que realmente nutre a la persona\u00bb, asegura.<\/p>\n<p>En este sentido, jubilarse implica reconstruir<strong> identidad, roles y v\u00ednculos.<\/strong> Por eso, m\u00e1s all\u00e1 de la edad cronol\u00f3gica, la clave est\u00e1 en evaluar si la persona est\u00e1 preparada para enfrentar una rutina sin la estructura laboral que la acompa\u00f1\u00f3 durante d\u00e9cadas.<\/p>\n<h3>Las caracter\u00edsticas de la etapa de la jubilaci\u00f3n<\/h3>\n<p>Esta nueva fase de la vida tiene rasgos particulares que la diferencian de todas las anteriores. Entre sus caracter\u00edsticas m\u00e1s destacadas se encuentran:<\/p>\n<ul>\n<li>Mayor disponibilidad de tiempo libre.<\/li>\n<li>Reducci\u00f3n o desaparici\u00f3n de la carga laboral y del estr\u00e9s asociado.<\/li>\n<li>Necesidad de reorganizar h\u00e1bitos diarios.<\/li>\n<li>Revalorizaci\u00f3n del descanso y la salud f\u00edsica.<\/li>\n<li>Cambio en los v\u00ednculos sociales, especialmente los laborales.<\/li>\n<li>B\u00fasqueda de nuevos prop\u00f3sitos y actividades significativas.<\/li>\n<li>Posible reajuste econ\u00f3mico seg\u00fan los ingresos jubilatorios.<\/li>\n<\/ul>\n<h3>Las razones por las que uno quiere jubilarse<\/h3>\n<p>Aunque la legislaci\u00f3n determina un rango de edad, cada persona llega al retiro por motivaciones distintas:<\/p>\n<ul>\n<li>Cumplimiento de la edad y los a\u00f1os de aportes necesarios.<\/li>\n<li>Cansancio acumulado o desgaste f\u00edsico.<\/li>\n<li>Problemas de salud que dificultan la continuidad laboral.<\/li>\n<li>Estr\u00e9s cr\u00f3nico o agotamiento emocional.<\/li>\n<li>Necesidad de pasar m\u00e1s tiempo con la familia.<\/li>\n<li>Reorganizaciones laborales o cambios en el mercado de trabajo.<\/li>\n<li>Deseo de iniciar una nueva etapa m\u00e1s tranquila y libre.<\/li>\n<\/ul>\n<h3>Consejos para jubilarse sanamente<\/h3>\n<ul>\n<li>Para que la jubilaci\u00f3n sea una transici\u00f3n positiva, se recomienda:<\/li>\n<li>Planificar con anticipaci\u00f3n los aspectos econ\u00f3micos y de salud.<\/li>\n<li>Crear una rutina nueva, con horarios flexibles pero estables.<\/li>\n<li>Mantener v\u00ednculos sociales para evitar el aislamiento.<\/li>\n<li>Realizar actividad f\u00edsica adaptada, como caminatas, nataci\u00f3n o gimnasia suave.<\/li>\n<li>Estimular la mente con lectura, cursos o hobbies.<\/li>\n<li>Cuidar la alimentaci\u00f3n para sostener energ\u00eda y bienestar.<\/li>\n<li>Aceptar los cambios emocionales de esta etapa.<\/li>\n<li>Buscar ayuda profesional si aparecen angustia, depresi\u00f3n o ansiedad.<\/li>\n<\/ul>\n<h3>Consejos para quienes van a jubilarse pr\u00f3ximamente<\/h3>\n<p>Para quienes est\u00e1n pr\u00f3ximos a la jubilaci\u00f3n o ya la han iniciado, es \u00fatil tener en cuenta:<\/p>\n<ul>\n<li>La jubilaci\u00f3n no es un final, sino una oportunidad para vivir con mayor autonom\u00eda.<\/li>\n<li>Cada persona pasa por esta etapa de manera distinta, y no existe una \u00fanica forma correcta.<\/li>\n<li>Establecer metas realistas para los primeros meses puede evitar sensaci\u00f3n de vac\u00edo.<\/li>\n<li>Mantener el cuerpo activo es tan importante como mantener activa la mente.<\/li>\n<li>Valorar los logros del pasado, sin dejar de abrirse a nuevas experiencias.<\/li>\n<\/ul>\n<p>&nbsp;<\/p>\n","protected":false},"excerpt":{"rendered":"<p>A lo largo de la vida atravesamos distintas etapas que nos moldean, desde la infancia y la edad adulta hasta los a\u00f1os dedicados al trabajo y a la construcci\u00f3n de proyectos personales. Pero existe un momento particular que marca una etapa significativa: la jubilaci\u00f3n. Esta fase suele asociarse con la idea de libertad, descanso y [&hellip;]<\/p>\n","protected":false},"author":4,"featured_media":12774050,"comment_status":"closed","ping_status":"closed","sticky":false,"template":"","format":"standard","meta":{"inline_featured_image":false,"jnews-multi-image_gallery":[],"jnews_single_post":{"subtitle":"","format":"standard","override":[{"template":"10","single_blog_custom":"0","layout":"no-sidebar-narrow","sidebar":"single-sidebar","second_sidebar":"single-sidebar","sticky_sidebar":"1","share_position":"bottom","share_float_style":"share-monocrhome","show_featured":"1","show_post_meta":"1","show_post_author":"1","show_post_author_image":"1","show_post_date":"1","post_date_format":"custom","post_date_format_custom":"d\/m\/Y","show_post_category":"1","post_reading_time_wpm":"300","post_calculate_word_method":"str_word_count","zoom_button_out_step":"2","zoom_button_in_step":"3","show_post_tag":"1","number_popup_post":"1","show_author_box":"1","show_post_related":"1","show_inline_post_related":"1"}],"image_override":[{"single_post_thumbnail_size":"no-crop","single_post_gallery_size":"crop-715"}],"trending_post_position":"meta","trending_post_label":"Trending","sponsored_post_label":"Sponsored by","disable_ad":"0"},"jnews_primary_category":[],"jnews_social_meta":[],"jnews_review":[],"enable_review":"","type":"percentage","name":"","summary":"","brand":"","sku":"","good":[],"bad":[],"score_override":"","override_value":"","rating":[],"price":[],"jnews_override_counter":{"view_counter_number":"0","share_counter_number":"0","like_counter_number":"0","dislike_counter_number":"0"},"jnews_post_split":{"post_split":[{"template":"1","tag":"h2","numbering":"asc","mode":"normal","first":"0","enable_toc":"0","toc_type":"normal"}]},"footnotes":""},"categories":[27,30],"tags":[1607,1565],"class_list":["post-12774048","post","type-post","status-publish","format-standard","has-post-thumbnail","hentry","category-psicologia","category-emociones","tag-okd","tag-tendencias"],"amp_enabled":true,"_links":{"self":[{"href":"https:\/\/okdiario.com\/metabolic\/wp-json\/wp\/v2\/posts\/12774048","targetHints":{"allow":["GET"]}}],"collection":[{"href":"https:\/\/okdiario.com\/metabolic\/wp-json\/wp\/v2\/posts"}],"about":[{"href":"https:\/\/okdiario.com\/metabolic\/wp-json\/wp\/v2\/types\/post"}],"author":[{"embeddable":true,"href":"https:\/\/okdiario.com\/metabolic\/wp-json\/wp\/v2\/users\/4"}],"replies":[{"embeddable":true,"href":"https:\/\/okdiario.com\/metabolic\/wp-json\/wp\/v2\/comments?post=12774048"}],"version-history":[{"count":1,"href":"https:\/\/okdiario.com\/metabolic\/wp-json\/wp\/v2\/posts\/12774048\/revisions"}],"predecessor-version":[{"id":12774051,"href":"https:\/\/okdiario.com\/metabolic\/wp-json\/wp\/v2\/posts\/12774048\/revisions\/12774051"}],"wp:featuredmedia":[{"embeddable":true,"href":"https:\/\/okdiario.com\/metabolic\/wp-json\/wp\/v2\/media\/12774050"}],"wp:attachment":[{"href":"https:\/\/okdiario.com\/metabolic\/wp-json\/wp\/v2\/media?parent=12774048"}],"wp:term":[{"taxonomy":"category","embeddable":true,"href":"https:\/\/okdiario.com\/metabolic\/wp-json\/wp\/v2\/categories?post=12774048"},{"taxonomy":"post_tag","embeddable":true,"href":"https:\/\/okdiario.com\/metabolic\/wp-json\/wp\/v2\/tags?post=12774048"}],"curies":[{"name":"wp","href":"https:\/\/api.w.org\/{rel}","templated":true}]}}