{"id":12771618,"date":"2025-10-16T08:20:47","date_gmt":"2025-10-16T06:20:47","guid":{"rendered":"https:\/\/okdiario.com\/metabolic\/?p=12771618"},"modified":"2025-10-16T08:35:53","modified_gmt":"2025-10-16T06:35:53","slug":"la-psicologia-lo-confirma-esta-es-la-razon-por-la-que-no-te-gusta-como-sales-en-las-fotos","status":"publish","type":"post","link":"https:\/\/okdiario.com\/metabolic\/psicologia\/emociones\/la-psicologia-lo-confirma-esta-es-la-razon-por-la-que-no-te-gusta-como-sales-en-las-fotos-12771618\/","title":{"rendered":"La psicolog\u00eda lo confirma: esta es la raz\u00f3n por la que no te gusta c\u00f3mo sales en las fotos"},"content":{"rendered":"<p>Hoy en d\u00eda <a href=\"https:\/\/okdiario.com\/metabolic\/psicologia\/si-siempre-llevas-el-movil-en-silencio-esto-es-lo-que-dice-la-psicologia-de-tu-personalidad-12760373\/\">llevamos el m\u00f3vil<\/a> con nosotros a todas partes, y con \u00e9l, la posibilidad constante de capturar momentos. Las c\u00e1maras est\u00e1n siempre al alcance de nuestra mano, listas para retratarnos en cualquier lugar y situaci\u00f3n. Sin embargo, a pesar de la frecuencia<strong> con la que nos hacemos fotos<\/strong>, muchas veces no quedamos conformes con el resultado. Descubre la raz\u00f3n por la que no te gusta c\u00f3mo sales en las fotos.<\/p>\n<p>Una de las razones principales es que estamos acostumbradas a vernos en el espejo.\u00a0 <a href=\"https:\/\/efesalud.com\/gusta-como-salimos-fotos\/\" target=\"_blank\" rel=\"noopener\">EFE Salud<\/a> explica que \u00abde toda nuestra vida vi\u00e9ndonos en los espejos, es la imagen m\u00e1s familiar que tenemos de nosotros mismos. Y cuando las c\u00e1maras nos devuelven la imagen \u201creal\u201d de nosotros mismos, nos vemos tan raros, que nos desagrada\u00bb. La imagen reflejada que vemos cada d\u00eda no es la misma que perciben los dem\u00e1s: est\u00e1 invertida horizontalmente. Nuestro rostro, tal como lo vemos en<strong> superficies reflectantes<\/strong>, no es id\u00e9ntico al que captura una c\u00e1mara. Este peque\u00f1o cambio puede provocar una sensaci\u00f3n de extra\u00f1eza al vernos en fotograf\u00edas. Adem\u00e1s, en las im\u00e1genes, congelamos expresiones, gestos o \u00e1ngulos que no controlamos del todo, lo que puede hacer que no nos reconozcamos o nos sintamos poco favorecidas.<\/p>\n<h2>La raz\u00f3n por la que no te gusta c\u00f3mo sales en las fotos<\/h2>\n<p>Para mejorar nuestra relaci\u00f3n con las fotos, es \u00fatil tomar conciencia de estos factores, practicar frente a la c\u00e1mara, encontrar nuestros mejores \u00e1ngulos y, sobre todo, ser amables con nosotros: ninguna imagen define por completo qui\u00e9nes somos.<\/p>\n<p>Las razones por la que no te gusta c\u00f3mo sales en las fotos m\u00e1s comunes no se sienten c\u00f3modas con su apariencia en fotograf\u00edas son:<\/p>\n<h3>Estamos acostumbradas a nuestra imagen en el espejo<\/h3>\n<p>Una de las razones m\u00e1s importantes es que la mayor\u00eda de las veces nos vemos a trav\u00e9s del espejo. Y aqu\u00ed hay un detalle fundamental: la imagen del espejo est\u00e1 invertida horizontalmente. Es decir, lo que vemos en el reflejo no es lo mismo que ven los dem\u00e1s. Nuestro rostro se invierte, por lo tanto, cuando vemos una foto (que muestra c\u00f3mo realmente nos ven los otros), sentimos que hay \u201calgo raro\u201d.<\/p>\n<p>Este cambio, aunque sutil, puede generar incomodidad. Por eso, al vernos en fotos, solemos notar asimetr\u00edas o detalles que no percibimos frente al espejo.<\/p>\n<h3>El efecto de la autoimagen mental<\/h3>\n<p>Todos tenemos una imagen mental de c\u00f3mo creemos que lucimos. Esta imagen se construye a lo largo del tiempo, influenciada por nuestras experiencias, nuestros complejos y c\u00f3mo nos han descrito los dem\u00e1s. Cuando vemos una imagen en el m\u00f3vil que no coincide con esa autoimagen idealizada, nos sentimos frustradas o decepcionadas.<\/p>\n<h3>La c\u00e1mara no siempre es justa<\/h3>\n<p>Las c\u00e1maras, sobre todo las de los m\u00f3viles, pueden distorsionar ligeramente las proporciones del rostro dependiendo del \u00e1ngulo, la lente, la distancia y la luz. Por ejemplo, un selfie muy cerca puede hacer que la nariz se vea m\u00e1s grande o que el rostro luzca m\u00e1s ancho.<\/p>\n<h3>Congelamos un solo momento<\/h3>\n<p>Las fotos capturan un solo instante. Una expresi\u00f3n mal sincronizada, una postura inc\u00f3moda o una sonrisa forzada pueden hacer que no nos reconozcamos. En la vida real, nos movemos, gesticulamos y proyectamos m\u00e1s que solo una imagen est\u00e1tica.<\/p>\n<h3>Comparaci\u00f3n constante con los dem\u00e1s<\/h3>\n<p>En redes sociales estamos expuestas a im\u00e1genes editadas, filtradas y cuidadosamente seleccionadas. Esto alimenta la comparaci\u00f3n y hace que cualquier foto nuestra que no est\u00e9 \u201cperfecta\u201d nos parezca peor de lo que es en realidad.<\/p>\n<h3>Consejos para salir mejor en las fotos<\/h3>\n<p>Aunque estos factores influyen en c\u00f3mo nos sentimos al ver nuestras fotos, hay formas de mejorar la relaci\u00f3n con nuestra imagen fotogr\u00e1fica. Algunos consejos pr\u00e1cticos incluyen:<\/p>\n<p><strong>Acepta que la c\u00e1mara muestra otra perspectiva, no una peor<\/strong><\/p>\n<p>Recuerda que la c\u00e1mara no est\u00e1 \u201cmintiendo\u201d. Simplemente te muestra c\u00f3mo te ven los dem\u00e1s, que es diferente a tu reflejo. Cuanto m\u00e1s te expongas a ello, \u00a0m\u00e1s te acostumbrar\u00e1s a esa versi\u00f3n.<\/p>\n<p><strong>Conoce tus mejores \u00e1ngulos y expresiones<\/strong><\/p>\n<p>Al querer hacer capturas de nosotros con frecuencia (sin obsesionarte) puede ayudarte a entender qu\u00e9 poses, luces o \u00e1ngulos te favorecen. Practicar frente a un espejo o grabarte en video tambi\u00e9n ayuda a identificar c\u00f3mo te ves m\u00e1s natural.<\/p>\n<p><strong>Cuida la iluminaci\u00f3n<\/strong><\/p>\n<p>La luz natural suele ser la mejor aliada. Evita luces muy fuertes desde arriba o desde abajo. Una buena iluminaci\u00f3n frontal puede suavizar rasgos y resaltar tus mejores caracter\u00edsticas.<\/p>\n<p><strong>No hagas las fotos demasiado en serio<\/strong><\/p>\n<p>Es una imagen congelada en el tiempo. No define qui\u00e9n eres ni tu valor. Intenta relajarte cuando te hagan capturas y no te juzgues con dureza.<\/p>\n<p><strong>Deja de buscar la perfecci\u00f3n<\/strong><\/p>\n<p>Las fotos que m\u00e1s recordamos son las que capturan momentos, no las que est\u00e1n perfectamente editadas. S\u00e9 aut\u00e9ntico, con tus imperfecciones incluidas.<\/p>\n<p><strong>M\u00edrate con m\u00e1s amabilidad<\/strong><\/p>\n<p>A veces, la incomodidad con las fotos refleja una relaci\u00f3n tensa con nuestra autoimagen. Practica el autocuidado.<\/p>\n<p>&nbsp;<\/p>\n<p>&nbsp;<\/p>\n","protected":false},"excerpt":{"rendered":"<p>Hoy en d\u00eda llevamos el m\u00f3vil con nosotros a todas partes, y con \u00e9l, la posibilidad constante de capturar momentos. Las c\u00e1maras est\u00e1n siempre al alcance de nuestra mano, listas para retratarnos en cualquier lugar y situaci\u00f3n. Sin embargo, a pesar de la frecuencia con la que nos hacemos fotos, muchas veces no quedamos conformes [&hellip;]<\/p>\n","protected":false},"author":4,"featured_media":12771621,"comment_status":"closed","ping_status":"closed","sticky":false,"template":"","format":"standard","meta":{"inline_featured_image":false,"jnews-multi-image_gallery":[],"jnews_single_post":[],"jnews_primary_category":[],"jnews_social_meta":[],"jnews_review":[],"enable_review":"","type":"","name":"","summary":"","brand":"","sku":"","good":[],"bad":[],"score_override":"","override_value":"","rating":[],"price":[],"jnews_override_counter":[],"jnews_post_split":[],"footnotes":""},"categories":[30,27],"tags":[1607,1565],"class_list":["post-12771618","post","type-post","status-publish","format-standard","has-post-thumbnail","hentry","category-emociones","category-psicologia","tag-okd","tag-tendencias"],"amp_enabled":true,"_links":{"self":[{"href":"https:\/\/okdiario.com\/metabolic\/wp-json\/wp\/v2\/posts\/12771618","targetHints":{"allow":["GET"]}}],"collection":[{"href":"https:\/\/okdiario.com\/metabolic\/wp-json\/wp\/v2\/posts"}],"about":[{"href":"https:\/\/okdiario.com\/metabolic\/wp-json\/wp\/v2\/types\/post"}],"author":[{"embeddable":true,"href":"https:\/\/okdiario.com\/metabolic\/wp-json\/wp\/v2\/users\/4"}],"replies":[{"embeddable":true,"href":"https:\/\/okdiario.com\/metabolic\/wp-json\/wp\/v2\/comments?post=12771618"}],"version-history":[{"count":1,"href":"https:\/\/okdiario.com\/metabolic\/wp-json\/wp\/v2\/posts\/12771618\/revisions"}],"predecessor-version":[{"id":12771623,"href":"https:\/\/okdiario.com\/metabolic\/wp-json\/wp\/v2\/posts\/12771618\/revisions\/12771623"}],"wp:featuredmedia":[{"embeddable":true,"href":"https:\/\/okdiario.com\/metabolic\/wp-json\/wp\/v2\/media\/12771621"}],"wp:attachment":[{"href":"https:\/\/okdiario.com\/metabolic\/wp-json\/wp\/v2\/media?parent=12771618"}],"wp:term":[{"taxonomy":"category","embeddable":true,"href":"https:\/\/okdiario.com\/metabolic\/wp-json\/wp\/v2\/categories?post=12771618"},{"taxonomy":"post_tag","embeddable":true,"href":"https:\/\/okdiario.com\/metabolic\/wp-json\/wp\/v2\/tags?post=12771618"}],"curies":[{"name":"wp","href":"https:\/\/api.w.org\/{rel}","templated":true}]}}