{"id":12770771,"date":"2025-10-05T09:00:35","date_gmt":"2025-10-05T07:00:35","guid":{"rendered":"https:\/\/okdiario.com\/metabolic\/?p=12770771"},"modified":"2025-10-01T12:12:44","modified_gmt":"2025-10-01T10:12:44","slug":"confirmado-por-los-expertos-si-dices-estas-4-frases-a-diario-es-porque-no-tienes-habilidades-sociales","status":"publish","type":"post","link":"https:\/\/okdiario.com\/metabolic\/psicologia\/relaciones-y-sociedad\/confirmado-por-los-expertos-si-dices-estas-4-frases-a-diario-es-porque-no-tienes-habilidades-sociales-12770771\/","title":{"rendered":"Confirmado por los expertos: si dices estas 4 frases a diario es porque no tienes habilidades sociales"},"content":{"rendered":"<p>Hay <a href=\"https:\/\/okdiario.com\/metabolic\/psicologia\/las-personas-con-mayor-inteligencia-emocional-utilizan-a-menudo-estas-4-frases-segun-los-psicologos-12769568\/\">frases que demuestran una gran inteligencia emocional<\/a>, \u00bfpero qu\u00e9 ocurre en el extremo contrario? Es decir, en aquellas conversaciones que empiezan a ir mal sin raz\u00f3n aparente. Para algunos expertos, <strong>hay formas de expresarnos que demuestran falta de habilidades sociales<\/strong>.<\/p>\n<p>Un art\u00edculo de <em>The Expert Editor<\/em> ha se\u00f1alado cu\u00e1les son<strong> las cuatro frases que dejan m\u00e1s claro que comunicarnos no es nuestro punto fuerte<\/strong> y que no sabemos cu\u00e1l es la mejor forma de relacionarnos. \u00bfAdivinas cu\u00e1les pueden ser?<\/p>\n<h2>Las frases que dejan claro que no tienes habilidades sociales<\/h2>\n<p>Una de las frases m\u00e1s comunes y al mismo tiempo m\u00e1s contraproducentes es <strong>\u00absin ofender, pero\u2026\u00bb<\/strong>. Lo que en apariencia pretende suavizar un comentario acaba siendo una alerta de que lo que viene a continuaci\u00f3n resultar\u00e1 hiriente.<\/p>\n<p>Es decir, en lugar de rebajar la tensi\u00f3n, provoca el efecto contrario: <strong>prepara al interlocutor para ponerse a la defensiva<\/strong>. Los psic\u00f3logos explican que este tipo de expresiones amenazan la dignidad de la persona que escucha, lo que en comunicaci\u00f3n se conoce como <em>perder la cara<\/em>.<\/p>\n<p>Por eso, recomiendan expresar directamente la opini\u00f3n, pero de forma clara y constructiva, acompa\u00f1\u00e1ndola de explicaciones o de una propuesta. Un ejemplo sencillo ser\u00eda sustituir el \u00absin ofender\u00bb por un \u00abquiz\u00e1s me equivoque, pero me preocupa este punto\u00bb.<\/p>\n<p>De hecho la forma en la que damos explicaciones o corregimos suele ser uno de los puntos d\u00e9biles en personas con pocas habilidades sociales. Por ejemplo, <strong>\u00abBueno, en realidad&#8230;\u00bb<\/strong> cuando queremos hacer un apunto transmite pedanter\u00eda y genera distancia.<\/p>\n<h2>Pedir a una persona que se relaje demuestra pocas habilidades sociales<\/h2>\n<p>Otra expresi\u00f3n que revela una falta de habilidades sociales es recurrir al <strong>\u00abc\u00e1lmate\u00bb o \u00abrel\u00e1jate\u00bb cuando alguien se encuentra alterado<\/strong>. Aunque parezca una invitaci\u00f3n al sosiego, la realidad es que genera el efecto opuesto.<\/p>\n<p>Al o\u00edrla, la otra persona percibe que se le est\u00e1 restando importancia a sus emociones o que se intenta controlar su reacci\u00f3n, lo que suele derivar en m\u00e1s enfado.<\/p>\n<p>Los especialistas recomiendan cambiar el enfoque: en lugar de ordenar que se calme, conviene validar primero lo que siente el interlocutor. Reconocer que est\u00e1 molesto o que la situaci\u00f3n es frustrante abre la puerta a un di\u00e1logo m\u00e1s relajado.<\/p>\n<p>Y el truco final para que parezca que tienes grandes habilidades sociales es <strong>ofrecer opciones concretas<\/strong>, como parar unos minutos o continuar hablando m\u00e1s tarde. Ayuda a que tu interlocutor aumente su sensaci\u00f3n de control.<\/p>\n<h2>No digas \u00abnunca\u00bb o \u00absiempre\u00bb si quieres parecer una persona con gran inteligencia emocional<\/h2>\n<p>Hay <a href=\"https:\/\/okdiario.com\/metabolic\/psicologia\/autoayuda\/las-personas-con-alta-inteligencia-emocional-utilizan-esta-palabra-a-diario-segun-un-estudio-psicologico-12749718\/\">palabras m\u00e1s comunes entre las personas con alta inteligencia emocional<\/a>, pero decir expresiones absolutas suele vincularse con la dificultar para relacionarnos y aceptar la opini\u00f3n de los dem\u00e1s.<\/p>\n<p>Este tipo de absolutos <strong>convierten una conducta puntual en un juicio global sobre la persona<\/strong>, lo que hace que la conversaci\u00f3n pase de los hechos a los reproches.<\/p>\n<p>Por ejemplo, decir \u00absiempre llegas tarde\u00bb o \u00abnunca me escuchas\u00bb no invita a cambiar nada; m\u00e1s bien <strong>provoca una respuesta defensiva<\/strong> y el cierre del di\u00e1logo.<\/p>\n<p>Los expertos aconsejan sustituir estas expresiones por descripciones espec\u00edficas de lo ocurrido. Se\u00f1alar el momento concreto y c\u00f3mo nos afect\u00f3.<\/p>\n","protected":false},"excerpt":{"rendered":"<p>Hay frases que demuestran una gran inteligencia emocional, \u00bfpero qu\u00e9 ocurre en el extremo contrario? Es decir, en aquellas conversaciones que empiezan a ir mal sin raz\u00f3n aparente. Para algunos expertos, hay formas de expresarnos que demuestran falta de habilidades sociales. Un art\u00edculo de The Expert Editor ha se\u00f1alado cu\u00e1les son las cuatro frases que [&hellip;]<\/p>\n","protected":false},"author":32,"featured_media":12770774,"comment_status":"closed","ping_status":"closed","sticky":false,"template":"","format":"standard","meta":{"inline_featured_image":false,"jnews-multi-image_gallery":[],"jnews_single_post":{"format":"standard","override":[{"template":"10","single_blog_custom":"0","layout":"no-sidebar-narrow","sidebar":"single-sidebar","second_sidebar":"single-sidebar","sticky_sidebar":"1","share_position":"bottom","share_float_style":"share-monocrhome","show_featured":"1","show_post_meta":"1","show_post_author":"1","show_post_author_image":"1","show_post_date":"1","post_date_format":"custom","post_date_format_custom":"d\/m\/Y","show_post_category":"1","post_reading_time_wpm":"300","post_calculate_word_method":"str_word_count","zoom_button_out_step":"2","zoom_button_in_step":"3","show_post_tag":"1","number_popup_post":"1","show_author_box":"1","show_post_related":"1","show_inline_post_related":"1"}],"image_override":[{"single_post_thumbnail_size":"no-crop","single_post_gallery_size":"crop-715"}],"trending_post_position":"meta","trending_post_label":"Trending","sponsored_post_label":"Sponsored by","disable_ad":"0","subtitle":"Utilizar expresiones absolutas, pedir calma o corregir con condescendencia es t\u00edpico en personas con escasas dotes comunicativas"},"jnews_primary_category":[],"jnews_social_meta":[],"jnews_review":[],"enable_review":"","type":"percentage","name":"","summary":"","brand":"","sku":"","good":[],"bad":[],"score_override":"","override_value":"","rating":[],"price":[],"jnews_override_counter":{"view_counter_number":"0","share_counter_number":"0","like_counter_number":"0","dislike_counter_number":"0"},"jnews_post_split":{"post_split":[{"template":"1","tag":"h2","numbering":"asc","mode":"normal","first":"0","enable_toc":"0","toc_type":"normal"}]},"footnotes":""},"categories":[31],"tags":[],"class_list":["post-12770771","post","type-post","status-publish","format-standard","has-post-thumbnail","hentry","category-relaciones-y-sociedad"],"amp_enabled":true,"_links":{"self":[{"href":"https:\/\/okdiario.com\/metabolic\/wp-json\/wp\/v2\/posts\/12770771","targetHints":{"allow":["GET"]}}],"collection":[{"href":"https:\/\/okdiario.com\/metabolic\/wp-json\/wp\/v2\/posts"}],"about":[{"href":"https:\/\/okdiario.com\/metabolic\/wp-json\/wp\/v2\/types\/post"}],"author":[{"embeddable":true,"href":"https:\/\/okdiario.com\/metabolic\/wp-json\/wp\/v2\/users\/32"}],"replies":[{"embeddable":true,"href":"https:\/\/okdiario.com\/metabolic\/wp-json\/wp\/v2\/comments?post=12770771"}],"version-history":[{"count":1,"href":"https:\/\/okdiario.com\/metabolic\/wp-json\/wp\/v2\/posts\/12770771\/revisions"}],"predecessor-version":[{"id":12770777,"href":"https:\/\/okdiario.com\/metabolic\/wp-json\/wp\/v2\/posts\/12770771\/revisions\/12770777"}],"wp:featuredmedia":[{"embeddable":true,"href":"https:\/\/okdiario.com\/metabolic\/wp-json\/wp\/v2\/media\/12770774"}],"wp:attachment":[{"href":"https:\/\/okdiario.com\/metabolic\/wp-json\/wp\/v2\/media?parent=12770771"}],"wp:term":[{"taxonomy":"category","embeddable":true,"href":"https:\/\/okdiario.com\/metabolic\/wp-json\/wp\/v2\/categories?post=12770771"},{"taxonomy":"post_tag","embeddable":true,"href":"https:\/\/okdiario.com\/metabolic\/wp-json\/wp\/v2\/tags?post=12770771"}],"curies":[{"name":"wp","href":"https:\/\/api.w.org\/{rel}","templated":true}]}}