{"id":12768902,"date":"2025-08-29T09:05:07","date_gmt":"2025-08-29T07:05:07","guid":{"rendered":"https:\/\/okdiario.com\/metabolic\/?p=12768902"},"modified":"2025-08-29T00:07:17","modified_gmt":"2025-08-28T22:07:17","slug":"ni-tostadas-ni-croissant-el-desayuno-de-susanna-griso-para-tener-energia-durante-todo-el-dia","status":"publish","type":"post","link":"https:\/\/okdiario.com\/metabolic\/dietetica\/ni-tostadas-ni-croissant-el-desayuno-de-susanna-griso-para-tener-energia-durante-todo-el-dia-12768902\/","title":{"rendered":"Ni tostadas ni croissant: el desayuno de Susanna Griso para tener \u00abenerg\u00eda\u00bb durante todo el d\u00eda"},"content":{"rendered":"<p>La periodista <a href=\"https:\/\/www.tiktok.com\/@espejopublico\/video\/7421530249990638880?embed_source=121374463%2C121468991%2C121439635%2C121749182%2C121433650%2C121404358%2C121497414%2C121477481%2C121351166%2C121811500%2C121487028%2C121331973%2C120811592%2C120810756%2C121819198%3Bnull%3Bembed_blank&amp;refer=embed&amp;referer_url=www.trendencias.com%2Fsilver%2Fsusanna-griso-55-anos-mi-formula-magica-para-aguantar-toda-manana-energia-desayunar-mucho-fruto-seco-mucha-granola&amp;referer_video_id=7421530249990638880\" target=\"_blank\" rel=\"noopener\">Susanna Griso<\/a>, presentadora del programa Espejo P\u00fablico, ha compartido en varias ocasiones su secreto para mantener la energ\u00eda a lo largo de las intensas cuatro horas y media en directo que afronta cada ma\u00f1ana. A sus 55 a\u00f1os, confiesa que su \u201cf\u00f3rmula m\u00e1gica\u201d no es otra que un <strong>desayuno basado en granola casera,<\/strong> acompa\u00f1ada de frutos secos y yogur. Lejos de las soluciones r\u00e1pidas y ultraprocesadas que suelen abundar en las rutinas aceleradas, Griso apuesta por alimentos naturales, preparados en casa y que le proporcionan la vitalidad necesaria para sostener su ritmo laboral.<\/p>\n<p>Su h\u00e1bito matinal no es fruto de una moda pasajera, sino el resultado de una costumbre que aprendi\u00f3 de una amiga llamada Carmen, quien <strong>le ense\u00f1\u00f3 la receta de granola<\/strong> que hoy prepara de manera artesanal. La periodista guarda su mezcla en un frasco de vidrio y la acompa\u00f1a siempre de yogur en su camerino, donde adem\u00e1s dispone de una peque\u00f1a nevera con otros b\u00e1sicos como aceite, jam\u00f3n y, sobre todo, frutos secos. Este ritual alimenticio no solo le permite afrontar el directo con energ\u00eda, sino que tambi\u00e9n se alinea con las recomendaciones nutricionales actuales que destacan el valor de los cereales integrales, las grasas saludables y <a href=\"https:\/\/okdiario.com\/metabolic\/deporte\/suplementos\/proteinas-572\/\">las prote\u00ednas<\/a> de calidad para el rendimiento f\u00edsico e intelectual.<\/p>\n<h2>Qu\u00e9 desayuna Susanna Griso<\/h2>\n<h3>Una rutina pensada para la resistencia<\/h3>\n<p>El trabajo de Susanna Griso no solo exige preparaci\u00f3n period\u00edstica, tambi\u00e9n requiere concentraci\u00f3n, agilidad mental y resistencia f\u00edsica. Estar frente a las c\u00e1maras durante varias horas implica un gran desgaste, y en este sentido la alimentaci\u00f3n juega un papel decisivo.<\/p>\n<p>La elecci\u00f3n de desayunar granola casera resulta especialmente estrat\u00e9gica: al ser una <strong>mezcla de avena, frutos secos y semillas,<\/strong> constituye una fuente importante de hidratos de carbono de absorci\u00f3n lenta, lo que favorece una liberaci\u00f3n sostenida de energ\u00eda.<\/p>\n<p>Adem\u00e1s, los frutos secos \u2014como almendras, nueces o avellanas\u2014 aportan prote\u00ednas, fibra y \u00e1cidos grasos saludables, en particular los omega-3, que ayudan a la salud cardiovascular y al buen funcionamiento del cerebro.<\/p>\n<p>La combinaci\u00f3n con yogur, rico en prote\u00ednas y <a href=\"https:\/\/okdiario.com\/metabolic\/dietetica\/probioticos\/probioticos-12728190\/\">probi\u00f3ticos<\/a>, refuerza la sensaci\u00f3n de saciedad y cuida la microbiota intestinal. Este tipo de desayuno, tal como se\u00f1alan organismos como la <a href=\"https:\/\/www.who.int\/news-room\/fact-sheets\/detail\/healthy-diet?utm_\" target=\"_blank\" rel=\"noopener\">Organizaci\u00f3n Mundial de la Salud (OMS)<\/a>, es mucho m\u00e1s beneficioso que recurrir a boller\u00eda o bebidas azucaradas, que solo generan picos de <a href=\"https:\/\/okdiario.com\/metabolic\/salud\/compuestos-quimicos\/glucosa-12729186\/\">glucosa<\/a> seguidos de cansancio.<\/p>\n<h3>Granola casera frente a productos industriales<\/h3>\n<p>En el mercado existen m\u00faltiples opciones de granola ya envasada, pero Susanna Griso apuesta por la versi\u00f3n casera. El motivo no es solo el sabor, sino tambi\u00e9n el control sobre los ingredientes. Las granolas industriales suelen contener altas cantidades de az\u00facares a\u00f1adidos y grasas poco saludables. Prepararla en casa permite elegir avena integral<strong>, endulzar de manera ligera con miel o d\u00e1tiles,<\/strong> y a\u00f1adir frutos secos o semillas al gusto.<\/p>\n<p>Este detalle no es menor: seg\u00fan la <a href=\"https:\/\/www.efsa.europa.eu\/en\" target=\"_blank\" rel=\"noopener\">Autoridad Europea de Seguridad Alimentaria (EFSA)<\/a>, reducir la ingesta de az\u00facares a\u00f1adidos es esencial para prevenir problemas como la obesidad y la diabetes tipo 2. En cambio, una granola artesanal, con avena y frutos secos, ofrece nutrientes de alta calidad y un perfil mucho m\u00e1s equilibrado, adecuado para quienes necesitan energ\u00eda sostenida, como es el caso de una periodista en directo durante toda la ma\u00f1ana.<\/p>\n<h3>El valor de la constancia en la alimentaci\u00f3n<\/h3>\n<p>La rutina de Susanna Griso no se limita al desayuno, sino que refleja un enfoque consciente hacia la nutrici\u00f3n. Llevar una neverita al camerino con productos b\u00e1sicos como<strong> yogures, aceite y jam\u00f3n<\/strong> es un gesto que muestra planificaci\u00f3n y constancia. No se trata de improvisar con lo que haya a mano, sino de cuidar su alimentaci\u00f3n incluso en el contexto laboral.<\/p>\n<p>Este h\u00e1bito es especialmente relevante en una sociedad en la que el consumo de ultraprocesados ha ido en aumento, afectando tanto la salud como la concentraci\u00f3n en el trabajo. Estudios recientes se\u00f1alan que quienes mantienen una dieta rica en frutas, cereales integrales y frutos secos presentan un mejor rendimiento cognitivo, menos fatiga y mayor capacidad de concentraci\u00f3n. Para una profesional de la comunicaci\u00f3n, estas ventajas son fundamentales.<\/p>\n<h3>Una lecci\u00f3n m\u00e1s all\u00e1 de la televisi\u00f3n<\/h3>\n<p>Lo que llama la atenci\u00f3n del desayuno de Susanna Griso no es \u00fanicamente lo que come, sino la filosof\u00eda que transmite. En lugar de buscar f\u00f3rmulas r\u00e1pidas para \u201csobrevivir\u201d a la ma\u00f1ana, ha encontrado un ritual que le permite disfrutar del proceso y obtener beneficios reales. La<strong> elecci\u00f3n de un frasco de vidrio<\/strong> con granola casera habla tambi\u00e9n de sostenibilidad, evitando envases pl\u00e1sticos y fomentando pr\u00e1cticas m\u00e1s respetuosas con el medio ambiente.<\/p>\n<p>M\u00e1s all\u00e1 de la televisi\u00f3n, su ejemplo resulta inspirador para cualquier persona con rutinas intensas. Incorporar alimentos como la avena, los frutos secos y el yogur en el desayuno no requiere de grandes esfuerzos, pero s\u00ed ofrece recompensas claras en t\u00e9rminos de energ\u00eda, saciedad y bienestar. Y en un mundo en el que el cansancio se ha convertido casi en norma, volver a lo simple puede ser la clave para recuperar la vitalidad diaria.<\/p>\n<p>&nbsp;<\/p>\n<p>&nbsp;<\/p>\n","protected":false},"excerpt":{"rendered":"<p>La periodista Susanna Griso, presentadora del programa Espejo P\u00fablico, ha compartido en varias ocasiones su secreto para mantener la energ\u00eda a lo largo de las intensas cuatro horas y media en directo que afronta cada ma\u00f1ana. A sus 55 a\u00f1os, confiesa que su \u201cf\u00f3rmula m\u00e1gica\u201d no es otra que un desayuno basado en granola casera, [&hellip;]<\/p>\n","protected":false},"author":4,"featured_media":12735486,"comment_status":"closed","ping_status":"closed","sticky":false,"template":"","format":"standard","meta":{"inline_featured_image":false,"jnews-multi-image_gallery":[],"jnews_single_post":{"format":"standard","override":[{"template":"10","single_blog_custom":"0","layout":"no-sidebar-narrow","sidebar":"single-sidebar","second_sidebar":"single-sidebar","sticky_sidebar":"1","share_position":"bottom","share_float_style":"share-monocrhome","show_featured":"1","show_post_meta":"1","show_post_author":"1","show_post_author_image":"1","show_post_date":"1","post_date_format":"custom","post_date_format_custom":"d\/m\/Y","show_post_category":"1","post_reading_time_wpm":"300","post_calculate_word_method":"str_word_count","zoom_button_out_step":"2","zoom_button_in_step":"3","show_post_tag":"1","number_popup_post":"1","show_author_box":"1","show_post_related":"1","show_inline_post_related":"1"}],"image_override":[{"single_post_thumbnail_size":"no-crop","single_post_gallery_size":"crop-715"}],"trending_post_position":"meta","trending_post_label":"Trending","sponsored_post_label":"Sponsored by","disable_ad":"0","subtitle":"Desayunos"},"jnews_primary_category":[],"jnews_social_meta":[],"jnews_review":[],"enable_review":"","type":"percentage","name":"","summary":"","brand":"","sku":"","good":[],"bad":[],"score_override":"","override_value":"","rating":[],"price":[],"jnews_override_counter":{"view_counter_number":"0","share_counter_number":"0","like_counter_number":"0","dislike_counter_number":"0"},"jnews_post_split":{"post_split":[{"template":"1","tag":"h2","numbering":"asc","mode":"normal","first":"0","enable_toc":"0","toc_type":"normal"}]},"footnotes":""},"categories":[17,18,20],"tags":[1607,1565],"class_list":["post-12768902","post","type-post","status-publish","format-standard","has-post-thumbnail","hentry","category-dietetica","category-alimentos","category-dietas","tag-okd","tag-tendencias"],"amp_enabled":true,"_links":{"self":[{"href":"https:\/\/okdiario.com\/metabolic\/wp-json\/wp\/v2\/posts\/12768902","targetHints":{"allow":["GET"]}}],"collection":[{"href":"https:\/\/okdiario.com\/metabolic\/wp-json\/wp\/v2\/posts"}],"about":[{"href":"https:\/\/okdiario.com\/metabolic\/wp-json\/wp\/v2\/types\/post"}],"author":[{"embeddable":true,"href":"https:\/\/okdiario.com\/metabolic\/wp-json\/wp\/v2\/users\/4"}],"replies":[{"embeddable":true,"href":"https:\/\/okdiario.com\/metabolic\/wp-json\/wp\/v2\/comments?post=12768902"}],"version-history":[{"count":2,"href":"https:\/\/okdiario.com\/metabolic\/wp-json\/wp\/v2\/posts\/12768902\/revisions"}],"predecessor-version":[{"id":12768908,"href":"https:\/\/okdiario.com\/metabolic\/wp-json\/wp\/v2\/posts\/12768902\/revisions\/12768908"}],"wp:featuredmedia":[{"embeddable":true,"href":"https:\/\/okdiario.com\/metabolic\/wp-json\/wp\/v2\/media\/12735486"}],"wp:attachment":[{"href":"https:\/\/okdiario.com\/metabolic\/wp-json\/wp\/v2\/media?parent=12768902"}],"wp:term":[{"taxonomy":"category","embeddable":true,"href":"https:\/\/okdiario.com\/metabolic\/wp-json\/wp\/v2\/categories?post=12768902"},{"taxonomy":"post_tag","embeddable":true,"href":"https:\/\/okdiario.com\/metabolic\/wp-json\/wp\/v2\/tags?post=12768902"}],"curies":[{"name":"wp","href":"https:\/\/api.w.org\/{rel}","templated":true}]}}