{"id":12768749,"date":"2025-09-04T07:15:26","date_gmt":"2025-09-04T05:15:26","guid":{"rendered":"https:\/\/okdiario.com\/metabolic\/?p=12768749"},"modified":"2025-08-28T08:59:18","modified_gmt":"2025-08-28T06:59:18","slug":"confirmado-por-los-psicologos-si-te-comportas-de-esta-forma-eres-de-clase-media-baja-segun-estudio","status":"publish","type":"post","link":"https:\/\/okdiario.com\/metabolic\/psicologia\/teorias\/confirmado-por-los-psicologos-si-te-comportas-de-esta-forma-eres-de-clase-media-baja-segun-estudio-12768749\/","title":{"rendered":"Confirmado por los psic\u00f3logos: si te comportas de esta forma eres de clase media-baja, seg\u00fan estudio"},"content":{"rendered":"<p>La clase social a la que se pertenece influye en m\u00faltiples aspectos de la vida, <strong>desde la manera de pensar hasta la forma de relacionarse con los dem\u00e1s<\/strong>. La<a href=\"https:\/\/okdiario.com\/economia\/dime-cuanto-ganas-te-dire-si-eres-clase-baja-media-o-alta-lo-confirma-ocde-15226923\"><strong> clase media-baja<\/strong><\/a>, en particular, ha sido objeto de estudios que buscan comprender c\u00f3mo las limitaciones econ\u00f3micas y sociales moldean ciertas conductas.<\/p>\n<p>El concepto de clase media-baja abarca un conjunto de caracter\u00edsticas que trascienden los ingresos. Seg\u00fan el <a href=\"https:\/\/www.cienciacognitiva.org\/?p=1603\" target=\"_blank\" rel=\"noopener\">psic\u00f3logo Gin\u00e9s Navarro-Carrillo<\/a>, la percepci\u00f3n de la propia posici\u00f3n social<strong> influye en la forma de ver la vida y en la manera de interactuar con el entorno<\/strong>, incluso determinando la predisposici\u00f3n hacia conductas altruistas y compasivas.<\/p>\n<h2>As\u00ed moldea nuestros comportamientos la influencia del entorno para la clase media-baja<\/h2>\n<p>El contexto en el que crece y se desarrolla una persona de clase media-baja est\u00e1 marcado por<strong> incertidumbre, vulnerabilidad y amenazas constantes<\/strong>. Seg\u00fan<a href=\"https:\/\/pubmed.ncbi.nlm.nih.gov\/22775498\/\" target=\"_blank\" rel=\"noopener\"> Kraus, Piff, Mendoza-Denton, Rheinschmidt y Keltner (2012)<\/a>, estos factores condicionan una orientaci\u00f3n cognitiva basada en el contexto: las acciones y los eventos se perciben como influenciados por elementos externos, <strong>fuera del control individual<\/strong>.<\/p>\n<p>En contraste, los individuos de clase alta suelen desarrollarse en entornos caracterizados por estabilidad y recursos abundantes, donde predominan la <strong>sensaci\u00f3n de control y la orientaci\u00f3n individualista<\/strong>. Esto genera una diferencia notable en la manera en que ambas clases sociales interpretan la realidad y toman decisiones.<\/p>\n<p>La percepci\u00f3n de control tambi\u00e9n se refleja en la sensibilidad hacia los dem\u00e1s. Las personas de clase media-baja muestran mayor atenci\u00f3n a la informaci\u00f3n social, mientras que las de clase alta tienden a centrarse en sus propias metas y resultados, seg\u00fan <a href=\"https:\/\/psycnet.apa.org\/record\/2017-12510-007\" target=\"_blank\" rel=\"noopener\">Fritsche y colaboradores (2017)<\/a>.<\/p>\n<h2>\u00bfC\u00f3mo funcionan la empat\u00eda y compasi\u00f3n en la clase media-baja?<\/h2>\n<p>Diversos estudios se\u00f1alan que la <strong><a href=\"https:\/\/okdiario.com\/metabolic\/psicologia\/que-es-la-empatia-y-como-desarrollarla-288\/\">empat\u00eda<\/a><\/strong> y la <strong>compasi\u00f3n<\/strong> se manifiestan <strong>de manera m\u00e1s intensa en individuos de clase media-baja.<\/strong> <a href=\"https:\/\/www.researchgate.net\/publication\/47544155_Social_Class_Contextualism_and_Empathic_Accuracy\" target=\"_blank\" rel=\"noopener\">Kraus, C\u00f4t\u00e9 y Keltner (2010)<\/a> demostraron que estas personas identifican con mayor precisi\u00f3n las emociones de quienes les rodean, un rasgo vinculado directamente con su atenci\u00f3n a factores contextuales.<\/p>\n<p><a href=\"https:\/\/pubmed.ncbi.nlm.nih.gov\/22148992\/\" target=\"_blank\" rel=\"noopener\">Stellar, Manzo, Kraus y Keltner (2012)<\/a> a\u00f1adieron que la compasi\u00f3n surge como respuesta a la exposici\u00f3n frecuente a situaciones amenazantes, tanto propias como ajenas. Los individuos de clase media-baja, al estar m\u00e1s alerta ante posibles riesgos,<strong> tienden a mostrar mayor sensibilidad ante el sufrimiento de otros<\/strong>, mientras que esta respuesta es menos marcada en personas de clase alta.<\/p>\n<h2>Conductas altruistas y su relaci\u00f3n con la clase social<\/h2>\n<p>La propensi\u00f3n a la conducta altruista tambi\u00e9n se asocia a la posici\u00f3n socioecon\u00f3mica. Seg\u00fan<a href=\"https:\/\/psycnet.apa.org\/record\/2010-14101-001\" target=\"_blank\" rel=\"noopener\"> Piff, Kraus, C\u00f4t\u00e9, Cheng y Keltner (2010)<\/a>, los estudios de laboratorio evidencian que las personas de clase baja y media-baja <strong>participan m\u00e1s en acciones altruistas<\/strong>. Este comportamiento puede interpretarse como una estrategia adaptativa frente a la inestabilidad y la escasez de recursos en su entorno.<\/p>\n<p>Estas conductas incluyen desde apoyo directo a otros hasta formas de cooperaci\u00f3n m\u00e1s generalizadas, reforzando la cohesi\u00f3n social dentro de comunidades donde los recursos son limitados. As\u00ed, la clase media-baja desarrolla patrones de interacci\u00f3n que<strong> priorizan la colaboraci\u00f3n y la sensibilidad hacia las necesidades ajenas<\/strong>.<\/p>\n<h2>Implicaciones sociales de pertenecer a la clase media-baja<\/h2>\n<p>Por \u00faltimo, la orientaci\u00f3n hacia factores contextuales y la mayor sensibilidad social tienen implicaciones de largo alcance. <a href=\"https:\/\/psycnet.apa.org\/record\/2017-12510-009\" target=\"_blank\" rel=\"noopener\">Becker, Kraus y Rheinschmidt-Same (2017)<\/a> indican que la percepci\u00f3n de menor control puede <strong>reducir la participaci\u00f3n pol\u00edtica y la iniciativa para generar cambios sociales<\/strong>. Sin embargo, tambi\u00e9n fomenta la creaci\u00f3n de redes de apoyo y solidaridad dentro de la comunidad.<\/p>\n<p>As\u00ed, y en t\u00e9rminos generales, las caracter\u00edsticas asociadas a la clase media-baja reflejan una interacci\u00f3n constante entre entorno, emociones y comportamiento. La combinaci\u00f3n de <strong>empat\u00eda<\/strong>, <strong>compasi\u00f3n<\/strong> y <strong>altruismo<\/strong>, junto con la <strong>percepci\u00f3n de control limitada<\/strong>, define patrones de conducta que contrastan con los de la clase alta y contribuyen a mantener diferencias sociales existentes.<\/p>\n","protected":false},"excerpt":{"rendered":"<p>La clase social a la que se pertenece influye en m\u00faltiples aspectos de la vida, desde la manera de pensar hasta la forma de relacionarse con los dem\u00e1s. La clase media-baja, en particular, ha sido objeto de estudios que buscan comprender c\u00f3mo las limitaciones econ\u00f3micas y sociales moldean ciertas conductas. El concepto de clase media-baja [&hellip;]<\/p>\n","protected":false},"author":42,"featured_media":12768753,"comment_status":"closed","ping_status":"closed","sticky":false,"template":"","format":"standard","meta":{"inline_featured_image":false,"jnews-multi-image_gallery":[],"jnews_single_post":{"format":"standard","override":[{"template":"10","single_blog_custom":"0","layout":"no-sidebar-narrow","sidebar":"single-sidebar","second_sidebar":"single-sidebar","sticky_sidebar":"1","share_position":"bottom","share_float_style":"share-monocrhome","show_featured":"1","show_post_meta":"1","show_post_author":"1","show_post_author_image":"1","show_post_date":"1","post_date_format":"custom","post_date_format_custom":"d\/m\/Y","show_post_category":"1","post_reading_time_wpm":"300","post_calculate_word_method":"str_word_count","zoom_button_out_step":"2","zoom_button_in_step":"3","show_post_tag":"1","number_popup_post":"1","show_author_box":"1","show_post_related":"1","show_inline_post_related":"1"}],"image_override":[{"single_post_thumbnail_size":"no-crop","single_post_gallery_size":"crop-715"}],"trending_post_position":"meta","trending_post_label":"Trending","sponsored_post_label":"Sponsored by","disable_ad":"0","subtitle":"La percepci\u00f3n sobre los acontecimientos, la empat\u00eda y las conductas altruistas son algunos de los puntos estudiados"},"jnews_primary_category":[],"jnews_social_meta":[],"jnews_review":[],"enable_review":"","type":"percentage","name":"","summary":"","brand":"","sku":"","good":[],"bad":[],"score_override":"","override_value":"","rating":[],"price":[],"jnews_override_counter":{"view_counter_number":"0","share_counter_number":"0","like_counter_number":"0","dislike_counter_number":"0"},"jnews_post_split":{"post_split":[{"template":"1","tag":"h2","numbering":"asc","mode":"normal","first":"0","enable_toc":"0","toc_type":"normal"}]},"footnotes":""},"categories":[28,27],"tags":[],"class_list":["post-12768749","post","type-post","status-publish","format-standard","has-post-thumbnail","hentry","category-teorias","category-psicologia"],"amp_enabled":true,"_links":{"self":[{"href":"https:\/\/okdiario.com\/metabolic\/wp-json\/wp\/v2\/posts\/12768749","targetHints":{"allow":["GET"]}}],"collection":[{"href":"https:\/\/okdiario.com\/metabolic\/wp-json\/wp\/v2\/posts"}],"about":[{"href":"https:\/\/okdiario.com\/metabolic\/wp-json\/wp\/v2\/types\/post"}],"author":[{"embeddable":true,"href":"https:\/\/okdiario.com\/metabolic\/wp-json\/wp\/v2\/users\/42"}],"replies":[{"embeddable":true,"href":"https:\/\/okdiario.com\/metabolic\/wp-json\/wp\/v2\/comments?post=12768749"}],"version-history":[{"count":2,"href":"https:\/\/okdiario.com\/metabolic\/wp-json\/wp\/v2\/posts\/12768749\/revisions"}],"predecessor-version":[{"id":12768759,"href":"https:\/\/okdiario.com\/metabolic\/wp-json\/wp\/v2\/posts\/12768749\/revisions\/12768759"}],"wp:featuredmedia":[{"embeddable":true,"href":"https:\/\/okdiario.com\/metabolic\/wp-json\/wp\/v2\/media\/12768753"}],"wp:attachment":[{"href":"https:\/\/okdiario.com\/metabolic\/wp-json\/wp\/v2\/media?parent=12768749"}],"wp:term":[{"taxonomy":"category","embeddable":true,"href":"https:\/\/okdiario.com\/metabolic\/wp-json\/wp\/v2\/categories?post=12768749"},{"taxonomy":"post_tag","embeddable":true,"href":"https:\/\/okdiario.com\/metabolic\/wp-json\/wp\/v2\/tags?post=12768749"}],"curies":[{"name":"wp","href":"https:\/\/api.w.org\/{rel}","templated":true}]}}