{"id":12768408,"date":"2025-08-20T14:23:21","date_gmt":"2025-08-20T12:23:21","guid":{"rendered":"https:\/\/okdiario.com\/metabolic\/?p=12768408"},"modified":"2025-08-20T13:25:05","modified_gmt":"2025-08-20T11:25:05","slug":"ni-el-negro-ni-el-blanco-este-es-el-color-usan-las-personas-mas-felices-segun-la-psicologia","status":"publish","type":"post","link":"https:\/\/okdiario.com\/metabolic\/psicologia\/ni-el-negro-ni-el-blanco-este-es-el-color-usan-las-personas-mas-felices-segun-la-psicologia-12768408\/","title":{"rendered":"Ni el negro ni el blanco: \u00e9ste es el color usan las personas m\u00e1s felices, seg\u00fan la psicolog\u00eda"},"content":{"rendered":"<p>El color ha acompa\u00f1ado al ser humano desde el inicio de su historia, no solo como parte del entorno natural, sino tambi\u00e9n como un elemento con un fuerte peso cultural, emocional y simb\u00f3lico. La psicolog\u00eda del color estudia c\u00f3mo los tonos pueden influir en nuestro estado de \u00e1nimo, en nuestra percepci\u00f3n y en la manera en que nos relacionamos con los dem\u00e1s. A lo largo del tiempo, se han realizado m\u00faltiples investigaciones para determinar si ciertos colores est\u00e1n asociados a emociones concretas, como la <a href=\"https:\/\/okdiario.com\/metabolic\/psicologia\/emociones\/3-senales-que-revelan-que-sufres-depresion-de-alto-funcionamiento-12757755\/\">tristeza, la calma, la energ\u00eda<\/a> o la felicidad<strong>. \u00bfCu\u00e1l es el color que usan los m\u00e1s felices?<\/strong><\/p>\n<p>La respuesta, aunque no es universal, ha sido explorada en diversos estudios a lo largo del tiempo, donde se ha encontrado que colores como el azul o el amarillo son los tonos m\u00e1s vinculados con la felicidad. El azul se asocia con la calma, la estabilidad y la confianza, <strong>mientras que el amarillo evoca vitalidad, optimismo y energ\u00eda.<\/strong> Ambos colores, aunque distintos en su naturaleza, parecen reflejar estados de \u00e1nimo positivos y de bienestar. Pero el trasfondo de esta elecci\u00f3n no se limita a una simple preferencia est\u00e9tica; est\u00e1 profundamente relacionado con aspectos biol\u00f3gicos, culturales y psicol\u00f3gicos que hacen del azul y del amarillo s\u00edmbolos de alegr\u00eda y plenitud.<\/p>\n<h2>Qu\u00e9 color gusta a las personas felices<\/h2>\n<h3>La psicolog\u00eda detr\u00e1s del color azul<\/h3>\n<p>El azul es uno de los colores m\u00e1s mencionados en estudios sobre la preferencia crom\u00e1tica. Investigaciones realizadas en diferentes contextos culturales muestran que gran parte de la poblaci\u00f3n lo percibe como un tono agradable, relajante y arm\u00f3nico. Este color se asocia al cielo despejado y al mar en calma, lo que transmite seguridad y confianza.<\/p>\n<p>Seg\u00fan la <a href=\"https:\/\/www.apa.org\/\" target=\"_blank\" rel=\"noopener\">Asociaci\u00f3n Americana de Psicolog\u00eda (APA)<\/a>, la relaci\u00f3n del azul con la tranquilidad y la estabilidad est\u00e1 vinculada con la manera en que nuestro cerebro interpreta la presencia de este color en la naturaleza. Las personas felices tienden a ver en el azul un reflejo de la serenidad que experimentan en su vida cotidiana.<\/p>\n<h3>El amarillo como s\u00edmbolo de vitalidad para los m\u00e1s felices<\/h3>\n<p>A diferencia del azul, el amarillo es un color mucho m\u00e1s intenso y estimulante. Tradicionalmente se le ha vinculado con el sol, la luz y la energ\u00eda, lo que lo convierte en un color que evoca dinamismo y alegr\u00eda, y especialmente para los m\u00e1s felices.<\/p>\n<p>Estudios de la <a href=\"https:\/\/www.aic-color.org\/\" target=\"_blank\" rel=\"noopener\">Asociaci\u00f3n Internacional del Color (AIC)<\/a>, destacan que, en contextos culturales diversos, el amarillo se asocia a sentimientos de optimismo y entusiasmo.<\/p>\n<p>Para quienes experimentan altos<strong> niveles de felicidad,<\/strong> este color puede resultar especialmente atractivo, ya que potencia esa sensaci\u00f3n de vitalidad. No obstante, tambi\u00e9n se debe se\u00f1alar que en exceso puede producir cierta fatiga visual, raz\u00f3n por la cual funciona mejor en detalles que refuercen su energ\u00eda sin saturar el entorno.<\/p>\n<h3>Factores culturales en la percepci\u00f3n del color<\/h3>\n<p>Aunque los estudios psicol\u00f3gicos ofrecen pistas interesantes, no podemos olvidar que el significado del color tambi\u00e9n est\u00e1 mediado por factores culturales. En algunas sociedades, el amarillo puede estar asociado a advertencias o a la traici\u00f3n, mientras que en otras es s\u00edmbolo de abundancia y riqueza. Lo mismo ocurre con el azul, que en ciertos contextos puede representar melancol\u00eda.<\/p>\n<p>Por ello, la relaci\u00f3n entre felicidad y preferencia crom\u00e1tica no es lineal ni universal, aunque s\u00ed se ha observado una tendencia global hacia la afinidad con estos tonos cuando las personas manifiestan sentirse plenas, felices y satisfechas.<\/p>\n<h3>La influencia del color en el bienestar cotidiano<\/h3>\n<p>Cuando hablamos de tonos no solo influyen en nuestras emociones, tambi\u00e9n pueden ser utilizados de forma consciente para favorecer el bienestar. Decorar un espacio con tonos azules puede ayudar a crear un ambiente relajado, ideal para descansar o trabajar con concentraci\u00f3n.<\/p>\n<p>El amarillo, por su parte, puede ser <strong>perfecto para espacios creativos<\/strong>, donde <a href=\"https:\/\/okdiario.com\/metabolic\/psicologia\/emociones\/tipos-de-motivacion-y-que-podemos-hacer-para-aumentarla-3218\/\">la motivaci\u00f3n<\/a> y la inspiraci\u00f3n son fundamentales. Diversos expertos en dise\u00f1o ambiental recomiendan integrar estos colores en la vida diaria como una forma de reforzar la conexi\u00f3n entre el entorno y el estado de \u00e1nimo.<\/p>\n<h3>La ciencia del color para los m\u00e1s felices<\/h3>\n<p>Los avances en neurociencia han permitido comprender mejor por qu\u00e9 ciertos colores nos producen sensaciones agradables. El cerebro responde a la luz y a las longitudes de onda de manera distinta, lo que activa zonas relacionadas con las emociones. Los tonos azules suelen <strong>disminuir la frecuencia card\u00edaca y reducir el estr\u00e9s<\/strong>, mientras que el amarillo activa \u00e1reas cerebrales vinculadas al placer y la motivaci\u00f3n.<\/p>\n<p>Estas respuestas fisiol\u00f3gicas refuerzan la idea de que los colores no son s\u00f3lo una cuesti\u00f3n est\u00e9tica, sino tambi\u00e9n una herramienta poderosa para influir en el bienestar psicol\u00f3gico.<\/p>\n<p>De esta forma, tanto el azul como el amarillo destacan como los m\u00e1s apreciados por quienes se consideran felices, cada uno por razones distintas pero complementarias. Mientras el azul aporta calma y estabilidad, el amarillo irradia energ\u00eda y optimismo.<\/p>\n<p>&nbsp;<\/p>\n","protected":false},"excerpt":{"rendered":"<p>El color ha acompa\u00f1ado al ser humano desde el inicio de su historia, no solo como parte del entorno natural, sino tambi\u00e9n como un elemento con un fuerte peso cultural, emocional y simb\u00f3lico. La psicolog\u00eda del color estudia c\u00f3mo los tonos pueden influir en nuestro estado de \u00e1nimo, en nuestra percepci\u00f3n y en la manera [&hellip;]<\/p>\n","protected":false},"author":4,"featured_media":12745514,"comment_status":"closed","ping_status":"closed","sticky":false,"template":"","format":"standard","meta":{"inline_featured_image":false,"jnews-multi-image_gallery":[],"jnews_single_post":{"format":"standard","override":[{"template":"10","single_blog_custom":"0","layout":"no-sidebar-narrow","sidebar":"single-sidebar","second_sidebar":"single-sidebar","sticky_sidebar":"1","share_position":"bottom","share_float_style":"share-monocrhome","show_featured":"1","show_post_meta":"1","show_post_author":"1","show_post_author_image":"1","show_post_date":"1","post_date_format":"custom","post_date_format_custom":"d\/m\/Y","show_post_category":"1","post_reading_time_wpm":"300","post_calculate_word_method":"str_word_count","zoom_button_out_step":"2","zoom_button_in_step":"3","show_post_tag":"1","number_popup_post":"1","show_author_box":"1","show_post_related":"1","show_inline_post_related":"1"}],"image_override":[{"single_post_thumbnail_size":"no-crop","single_post_gallery_size":"crop-715"}],"trending_post_position":"meta","trending_post_label":"Trending","sponsored_post_label":"Sponsored by","disable_ad":"0","subtitle":"Psicolog\u00eda"},"jnews_primary_category":[],"jnews_social_meta":[],"jnews_review":[],"enable_review":"","type":"percentage","name":"","summary":"","brand":"","sku":"","good":[],"bad":[],"score_override":"","override_value":"","rating":[],"price":[],"jnews_override_counter":{"view_counter_number":"0","share_counter_number":"0","like_counter_number":"0","dislike_counter_number":"0"},"jnews_post_split":{"post_split":[{"template":"1","tag":"h2","numbering":"asc","mode":"normal","first":"0","enable_toc":"0","toc_type":"normal"}]},"footnotes":""},"categories":[27,29],"tags":[1565],"class_list":["post-12768408","post","type-post","status-publish","format-standard","has-post-thumbnail","hentry","category-psicologia","category-autoayuda","tag-tendencias"],"amp_enabled":true,"_links":{"self":[{"href":"https:\/\/okdiario.com\/metabolic\/wp-json\/wp\/v2\/posts\/12768408","targetHints":{"allow":["GET"]}}],"collection":[{"href":"https:\/\/okdiario.com\/metabolic\/wp-json\/wp\/v2\/posts"}],"about":[{"href":"https:\/\/okdiario.com\/metabolic\/wp-json\/wp\/v2\/types\/post"}],"author":[{"embeddable":true,"href":"https:\/\/okdiario.com\/metabolic\/wp-json\/wp\/v2\/users\/4"}],"replies":[{"embeddable":true,"href":"https:\/\/okdiario.com\/metabolic\/wp-json\/wp\/v2\/comments?post=12768408"}],"version-history":[{"count":2,"href":"https:\/\/okdiario.com\/metabolic\/wp-json\/wp\/v2\/posts\/12768408\/revisions"}],"predecessor-version":[{"id":12768414,"href":"https:\/\/okdiario.com\/metabolic\/wp-json\/wp\/v2\/posts\/12768408\/revisions\/12768414"}],"wp:featuredmedia":[{"embeddable":true,"href":"https:\/\/okdiario.com\/metabolic\/wp-json\/wp\/v2\/media\/12745514"}],"wp:attachment":[{"href":"https:\/\/okdiario.com\/metabolic\/wp-json\/wp\/v2\/media?parent=12768408"}],"wp:term":[{"taxonomy":"category","embeddable":true,"href":"https:\/\/okdiario.com\/metabolic\/wp-json\/wp\/v2\/categories?post=12768408"},{"taxonomy":"post_tag","embeddable":true,"href":"https:\/\/okdiario.com\/metabolic\/wp-json\/wp\/v2\/tags?post=12768408"}],"curies":[{"name":"wp","href":"https:\/\/api.w.org\/{rel}","templated":true}]}}