{"id":12767540,"date":"2025-08-11T09:00:18","date_gmt":"2025-08-11T07:00:18","guid":{"rendered":"https:\/\/okdiario.com\/metabolic\/?p=12767540"},"modified":"2025-08-07T09:00:54","modified_gmt":"2025-08-07T07:00:54","slug":"hace-6-meses-perdi-mi-trabajo-y-mi-casa-por-no-poder-pagarla-empece-de-cero-y-ahora-estoy-mejor-que-nunca","status":"publish","type":"post","link":"https:\/\/okdiario.com\/metabolic\/psicologia\/autoayuda\/hace-6-meses-perdi-mi-trabajo-y-mi-casa-por-no-poder-pagarla-empece-de-cero-y-ahora-estoy-mejor-que-nunca-12767540\/","title":{"rendered":"\u00abHace 6 meses perd\u00ed mi trabajo y mi casa por no poder pagarla: empec\u00e9 de cero y ahora estoy mejor que nunca\u00bb"},"content":{"rendered":"<p><a href=\"https:\/\/okdiario.com\/metabolic\/psicologia\/autoayuda\/estudie-una-carrera-por-presion-familiar-y-la-deje-al-tercer-ano-6-meses-despues-estoy-mejor-que-nunca-12766589\/\"><strong>Empezar de cero<\/strong><\/a> es una de esas frases que se repiten tanto que pierden fuerza. Parece algo que se hace despu\u00e9s de un cambio de trabajo, de ciudad o una mudanza. Pero en algunos casos, eso ocurre al mismo tiempo.<\/p>\n<p>Es lo que le pas\u00f3 a Sandra, una joven de 26 a\u00f1os que, en cuesti\u00f3n de semanas, <strong>se qued\u00f3 sin empleo, sin casa y sin rumbo<\/strong>. Tuvo que volver a casa de su padre, con una maleta, su perro y la sensaci\u00f3n de haber retrocedido a\u00f1os.<\/p>\n<p>Estudi\u00f3 periodismo, pero empez\u00f3 a trabajar en un supermercado porque necesitaba dinero. De repente, se vio compartiendo mesa con su padre, revisando ofertas laborales en el m\u00f3vil y sinti\u00e9ndose atrapada en una rutina ajena. Durante meses, vivi\u00f3 en autom\u00e1tico, pero un d\u00eda dijo basta y ah\u00ed comenz\u00f3 el cambio.<\/p>\n<h2>C\u00f3mo empezar de cero despu\u00e9s de perderlo todo<\/h2>\n<p>Dicen que cuando se toca fondo, s\u00f3lo queda subir. Y eso es lo que hizo Sara. Decidi\u00f3 documentarlo en redes, y as\u00ed empez\u00f3 con <strong>\u00abD\u00eda 1 construyendo una nueva vida despu\u00e9s de perderlo todo\u00bb<\/strong> en TikTok, donde con el usuario <a href=\"https:\/\/www.tiktok.com\/@sandinthesun\" target=\"_blank\" rel=\"noopener\"><strong>@sandinthesun<\/strong><\/a>, ya supera los 11.000 seguidores.<\/p>\n<p>En el primer v\u00eddeo, Sandra habl\u00f3 de lo que llevaba arrastrando desde hac\u00eda meses. Cont\u00f3 que sent\u00eda que hab\u00eda retrocedido, que se hab\u00eda quedado atrapada en un lugar donde no quer\u00eda estar. \u00ab<strong>Entr\u00e9 en un bucle de <a href=\"https:\/\/okdiario.com\/metabolic\/psicologia\/ya-estoy-bien-yo-solo-el-motivo-por-el-que-a-los-psicologos-les-preocupa-esta-frase-12761370\/\">autocompasi\u00f3n<\/a> y enfado conmigo misma<\/strong> que me ha tenido bloqueada durante meses. Puedo afirmar que me siento m\u00e1s perdida que nunca, pero hoy he decidido que eso va a cambiar. <strong>Hoy empiezo a construir una vida que de verdad me guste<\/strong>, que tenga ganas de despertarme cada ma\u00f1ana para vivirla. As\u00ed que vamos all\u00e1.\u00bb Una frase con la que ir\u00eda terminando todos los v\u00eddeos de la serie.<\/p>\n<p>En el D\u00eda 3, por ejemplo, habla de c\u00f3mo empezar a comer bien puede parecer irrelevante cuando est\u00e1s en paro, pero en realidad es parte del mismo proceso: <strong>\u00abCuidarme por dentro es cuidarme por fuera\u00bb<\/strong>, dice.<\/p>\n<p>Lo que engancha de estos v\u00eddeos no es la perfecci\u00f3n del proceso, sino su naturalidad. Se muestra vulnerable. En el D\u00eda 30, cuando se muda sola a un pueblo donde no conoce a nadie, se ve la transformaci\u00f3n y la valent\u00eda. \u00ab<strong>S\u00e9 que habr\u00e1 momentos en los que me sentir\u00e9 sola<\/strong>\u2026 pero quiero conocer a la versi\u00f3n de m\u00ed que nacer\u00e1 de esta experiencia.\u00bb<\/p>\n<p>No tiene nada seguro, pero se lanza. Y ese salto, sin promesas de \u00e9xito, es lo que convierte su historia en algo real.<\/p>\n<h2>C\u00f3mo afrontar el miedo a cambiar de vida<\/h2>\n<p>Lanzarse a empezar de nuevo da miedo, s\u00ed. Pero negarlo o disfrazarlo no ayuda. Lo que s\u00ed funciona es ir por partes:<\/p>\n<ol>\n<li style=\"list-style-type: none;\">\n<ol>\n<li><strong> Reconocer el <a href=\"https:\/\/okdiario.com\/metabolic\/psicologia\/miscelanea\/parecen-inofensivos-pero-uno-de-estos-tres-simpaticos-fantasmas-te-dira-cual-es-tu-mayor-miedo-en-la-vida-12760029\/\">miedo<\/a> sin disfrazarlo<\/strong>. Fingir que \u00abtodo est\u00e1 bien\u00bb s\u00f3lo posterga lo inevitable. Asumir que hay angustia, tristeza o inseguridad es el primer paso para gestionarlas.<\/li>\n<li><strong>Cambiar el marco mental<\/strong>. No se trata de borrar el pasado, sino de usarlo como punto de partida.<\/li>\n<li><strong>Marcarse objetivos que se puedan cumplir<\/strong>. Uno al d\u00eda, como hizo Sandra. No se trata de grandes logros, sino de mantener un ritmo.<\/li>\n<li><strong>Aceptar que la incertidumbre no se va<\/strong>. Es parte del proceso. No se puede controlar todo, y eso tambi\u00e9n est\u00e1 bien. Aprender a convivir con lo incierto es m\u00e1s \u00fatil que intentar eliminarlo.<\/li>\n<li><strong>Pedir apoyo y habla<\/strong>r. No hace falta hacerlo todo en solitario. Contarlo, compartirlo, rodearse de personas que entiendan el momento que est\u00e1s atravesando puede marcar la diferencia.<\/li>\n<li><strong>Estar presente<\/strong>. Pensar demasiado en lo que puede pasar bloquea. Lo que hay que hacer est\u00e1 hoy, no ma\u00f1ana.<\/li>\n<\/ol>\n<\/li>\n<\/ol>\n<p>Al final, vivimos en una incertidumbre constante; solo hay que decidir c\u00f3mo vivirla.<\/p>\n","protected":false},"excerpt":{"rendered":"<p>Empezar de cero es una de esas frases que se repiten tanto que pierden fuerza. Parece algo que se hace despu\u00e9s de un cambio de trabajo, de ciudad o una mudanza. Pero en algunos casos, eso ocurre al mismo tiempo. Es lo que le pas\u00f3 a Sandra, una joven de 26 a\u00f1os que, en cuesti\u00f3n [&hellip;]<\/p>\n","protected":false},"author":33,"featured_media":12767550,"comment_status":"closed","ping_status":"closed","sticky":false,"template":"","format":"standard","meta":{"inline_featured_image":false,"jnews-multi-image_gallery":[],"jnews_single_post":{"format":"standard","override":[{"template":"10","single_blog_custom":"0","layout":"no-sidebar-narrow","sidebar":"single-sidebar","second_sidebar":"single-sidebar","sticky_sidebar":"1","share_position":"bottom","share_float_style":"share-monocrhome","show_featured":"1","show_post_meta":"1","show_post_author":"1","show_post_author_image":"1","show_post_date":"1","post_date_format":"custom","post_date_format_custom":"d\/m\/Y","show_post_category":"1","post_reading_time_wpm":"300","post_calculate_word_method":"str_word_count","zoom_button_out_step":"2","zoom_button_in_step":"3","show_post_tag":"1","number_popup_post":"1","show_author_box":"1","show_post_related":"1","show_inline_post_related":"1"}],"image_override":[{"single_post_thumbnail_size":"no-crop","single_post_gallery_size":"crop-715"}],"trending_post_position":"meta","trending_post_label":"Trending","sponsored_post_label":"Sponsored by","disable_ad":"0","subtitle":"Con 26 a\u00f1os, esta joven decidi\u00f3 documentar todo lo que estaba viviendo y compartirlo en redes"},"jnews_primary_category":[],"jnews_social_meta":[],"jnews_review":[],"enable_review":"","type":"percentage","name":"","summary":"","brand":"","sku":"","good":[],"bad":[],"score_override":"","override_value":"","rating":[],"price":[],"jnews_override_counter":{"view_counter_number":"0","share_counter_number":"0","like_counter_number":"0","dislike_counter_number":"0"},"jnews_post_split":{"post_split":[{"template":"1","tag":"h2","numbering":"asc","mode":"normal","first":"0","enable_toc":"0","toc_type":"normal"}]},"footnotes":""},"categories":[29],"tags":[],"class_list":["post-12767540","post","type-post","status-publish","format-standard","has-post-thumbnail","hentry","category-autoayuda"],"amp_enabled":true,"_links":{"self":[{"href":"https:\/\/okdiario.com\/metabolic\/wp-json\/wp\/v2\/posts\/12767540","targetHints":{"allow":["GET"]}}],"collection":[{"href":"https:\/\/okdiario.com\/metabolic\/wp-json\/wp\/v2\/posts"}],"about":[{"href":"https:\/\/okdiario.com\/metabolic\/wp-json\/wp\/v2\/types\/post"}],"author":[{"embeddable":true,"href":"https:\/\/okdiario.com\/metabolic\/wp-json\/wp\/v2\/users\/33"}],"replies":[{"embeddable":true,"href":"https:\/\/okdiario.com\/metabolic\/wp-json\/wp\/v2\/comments?post=12767540"}],"version-history":[{"count":3,"href":"https:\/\/okdiario.com\/metabolic\/wp-json\/wp\/v2\/posts\/12767540\/revisions"}],"predecessor-version":[{"id":12767724,"href":"https:\/\/okdiario.com\/metabolic\/wp-json\/wp\/v2\/posts\/12767540\/revisions\/12767724"}],"wp:featuredmedia":[{"embeddable":true,"href":"https:\/\/okdiario.com\/metabolic\/wp-json\/wp\/v2\/media\/12767550"}],"wp:attachment":[{"href":"https:\/\/okdiario.com\/metabolic\/wp-json\/wp\/v2\/media?parent=12767540"}],"wp:term":[{"taxonomy":"category","embeddable":true,"href":"https:\/\/okdiario.com\/metabolic\/wp-json\/wp\/v2\/categories?post=12767540"},{"taxonomy":"post_tag","embeddable":true,"href":"https:\/\/okdiario.com\/metabolic\/wp-json\/wp\/v2\/tags?post=12767540"}],"curies":[{"name":"wp","href":"https:\/\/api.w.org\/{rel}","templated":true}]}}