{"id":12767529,"date":"2025-08-17T07:15:19","date_gmt":"2025-08-17T05:15:19","guid":{"rendered":"https:\/\/okdiario.com\/metabolic\/?p=12767529"},"modified":"2025-08-05T09:32:45","modified_gmt":"2025-08-05T07:32:45","slug":"alba-cardalda-neuropsicologa-nos-estamos-haciendo-cada-vez-menos-tolerantes-y-no-sabemos-afrontar-conflictos","status":"publish","type":"post","link":"https:\/\/okdiario.com\/metabolic\/psicologia\/alba-cardalda-neuropsicologa-nos-estamos-haciendo-cada-vez-menos-tolerantes-y-no-sabemos-afrontar-conflictos-12767529\/","title":{"rendered":"Alba Cardalda, neuropsic\u00f3loga: \u00abNos estamos haciendo cada vez menos tolerantes y no sabemos afrontar conflictos\u00bb"},"content":{"rendered":"<p>Ir a un lugar, encontrar a alguien, intercambiar ideas&#8230; y que, por pensar diferente, eso ya sea motivo de fricci\u00f3n. Una situaci\u00f3n que, por desgracia, se repite demasiado hoy en d\u00eda.<strong> Cada vez hay menos espacio para las diferencias<\/strong>, menos margen para el conflicto, menos paciencia para escuchar.<\/p>\n<p>La <strong>psic\u00f3loga y <a href=\"https:\/\/okdiario.com\/metabolic\/psicologia\/laura-martin-romo-neuropsicologa-tu-cerebro-puede-generar-la-electricidad-suficiente-para-encender-una-bombilla-12766721\/\">neuropsic\u00f3loga<\/a> Alba Cardalda<\/strong> ha se\u00f1alado que estamos perdiendo la capacidad de sostener una conversaci\u00f3n con alguien que piensa distinto. Y eso, en cualquier relaci\u00f3n, es un problema serio. Conocida en TikTok como <a href=\"https:\/\/www.tiktok.com\/@albacardalda.psicologa?lang=es-419\" target=\"_blank\" rel=\"noopener\"><strong>@albacardalda.psicologa<\/strong><\/a>, acumula casi 350.000 seguidores y se ha convertido en una de las voces m\u00e1s activas en redes sobre salud mental y relaciones humanas.<\/p>\n<p>En una entrevista reciente en el podcast <em>El Sentido De La Birra<\/em>, advirti\u00f3: \u00abNos estamos haciendo cada vez menos tolerantes a las diferencias, cada vez nos cuesta m\u00e1s afrontar un conflicto, un debate, un intercambio de ideas\u00bb.<\/p>\n<h2>Esta psic\u00f3loga lo tiene claro: cada vez somos menos tolerantes<\/h2>\n<p>Cardalda habla desde la experiencia. Se form\u00f3 en Psicolog\u00eda Cl\u00ednica, Neuropsicolog\u00eda y Terapia Breve, pero su mayor aprendizaje no vino en una consulta ni en un aula. Tras varios a\u00f1os ejerciendo, dej\u00f3 su trabajo, prepar\u00f3 una mochila y se fue sola a recorrer el mundo. Lo que iba a ser un viaje de un par de meses acab\u00f3 durando casi dos a\u00f1os. Seg\u00fan ella, fue entonces cuando m\u00e1s comprendi\u00f3 la mente humana.<\/p>\n<p>Hoy aborda el conflicto con un enfoque directo. Desde la psicolog\u00eda conductista, explica que <strong>evitar una <a href=\"https:\/\/okdiario.com\/metabolic\/psicologia\/miscelanea\/personas-alta-inteligencia-emocional-usan-frases-frenar-discusiones-segun-un-estudio-psicologico-12748353\/\">discusi\u00f3n<\/a> puede aliviar el malestar inmediato<\/strong>, pero esa evitaci\u00f3n s\u00f3lo refuerza el problema. Se convierte en una huida constante que deteriora la relaci\u00f3n. \u00abCuando una persona cede todo el tiempo y le da la raz\u00f3n al otro, eso no se sostiene. No es sano\u00bb, afirma.<\/p>\n<h2>\u00bfPor qu\u00e9 evitamos el conflicto?<\/h2>\n<p>No siempre evitamos el conflicto por comodidad. A veces es el <strong>miedo lo que paraliza<\/strong>. Miedo a decir algo inapropiado, a no saber argumentar, a quedar como agresivo o vulnerable. Tambi\u00e9n influyen experiencias negativas anteriores o la<strong> sensaci\u00f3n de inferioridad frente al otro<\/strong>. En todos estos casos, lo m\u00e1s f\u00e1cil es callar. Pero eso s\u00f3lo posterga el problema.<\/p>\n<p>Cardalda insiste en que <strong>saber gestionar el desacuerdo es clave<\/strong>. No para imponer un punto de vista, sino para mantener el v\u00ednculo sin renunciar a uno mismo. \u00abLas diferencias tienen que existir. Si no, es que uno est\u00e1 desapareciendo para darle siempre la raz\u00f3n al otro. Y eso tampoco es una relaci\u00f3n\u00bb, declara.<\/p>\n<h2>La sociedad est\u00e1 cada vez m\u00e1s centrada en el \u00abyo\u00bb<\/h2>\n<p>A este rechazo del conflicto se le suma un <strong>contexto social que alimenta el individualismo<\/strong>. Vivimos rodeados de est\u00edmulos que colocan al yo en el centro: redes sociales que premian la autoimagen, una cultura que prioriza el \u00e9xito personal, y una idea constante de que ceder es perder. En ese escenario, cualquier confrontaci\u00f3n se vive como una amenaza.<\/p>\n<p>Esa actitud erosiona <a href=\"https:\/\/okdiario.com\/metabolic\/psicologia\/que-es-la-empatia-y-como-desarrollarla-288\/\">la empat\u00eda<\/a> y<strong> dificulta la construcci\u00f3n de v\u00ednculos reales<\/strong>. Si la otra persona no piensa igual, se le margina. Si plantea una cr\u00edtica, se percibe como un ataque. Poco a poco, el di\u00e1logo desaparece y s\u00f3lo queda la confirmaci\u00f3n de nuestras propias ideas.<\/p>\n<p>Escuchamos para contestar, no para entender. Y eso tiene consecuencias. Porque los conflictos no desaparecen por evitarlos, solo se hacen m\u00e1s profundos. Y sin diferencias no hay relaci\u00f3n que aguante realmente.<\/p>\n","protected":false},"excerpt":{"rendered":"<p>Ir a un lugar, encontrar a alguien, intercambiar ideas&#8230; y que, por pensar diferente, eso ya sea motivo de fricci\u00f3n. Una situaci\u00f3n que, por desgracia, se repite demasiado hoy en d\u00eda. Cada vez hay menos espacio para las diferencias, menos margen para el conflicto, menos paciencia para escuchar. La psic\u00f3loga y neuropsic\u00f3loga Alba Cardalda ha [&hellip;]<\/p>\n","protected":false},"author":33,"featured_media":12767535,"comment_status":"closed","ping_status":"closed","sticky":false,"template":"","format":"standard","meta":{"inline_featured_image":false,"jnews-multi-image_gallery":[],"jnews_single_post":{"format":"standard","override":[{"template":"10","single_blog_custom":"0","layout":"no-sidebar-narrow","sidebar":"single-sidebar","second_sidebar":"single-sidebar","sticky_sidebar":"1","share_position":"bottom","share_float_style":"share-monocrhome","show_featured":"1","show_post_meta":"1","show_post_author":"1","show_post_author_image":"1","show_post_date":"1","post_date_format":"custom","post_date_format_custom":"d\/m\/Y","show_post_category":"1","post_reading_time_wpm":"300","post_calculate_word_method":"str_word_count","zoom_button_out_step":"2","zoom_button_in_step":"3","show_post_tag":"1","number_popup_post":"1","show_author_box":"1","show_post_related":"1","show_inline_post_related":"1"}],"image_override":[{"single_post_thumbnail_size":"no-crop","single_post_gallery_size":"crop-715"}],"trending_post_position":"meta","trending_post_label":"Trending","sponsored_post_label":"Sponsored by","disable_ad":"0","subtitle":"Las personas se acostumbran a evitar el conflicto para no incomodar, aunque eso les pase factura a largo plazo"},"jnews_primary_category":[],"jnews_social_meta":[],"jnews_review":[],"enable_review":"","type":"percentage","name":"","summary":"","brand":"","sku":"","good":[],"bad":[],"score_override":"","override_value":"","rating":[],"price":[],"jnews_override_counter":{"view_counter_number":"0","share_counter_number":"0","like_counter_number":"0","dislike_counter_number":"0"},"jnews_post_split":{"post_split":[{"template":"1","tag":"h2","numbering":"asc","mode":"normal","first":"0","enable_toc":"0","toc_type":"normal"}]},"footnotes":""},"categories":[27],"tags":[],"class_list":["post-12767529","post","type-post","status-publish","format-standard","has-post-thumbnail","hentry","category-psicologia"],"amp_enabled":true,"_links":{"self":[{"href":"https:\/\/okdiario.com\/metabolic\/wp-json\/wp\/v2\/posts\/12767529","targetHints":{"allow":["GET"]}}],"collection":[{"href":"https:\/\/okdiario.com\/metabolic\/wp-json\/wp\/v2\/posts"}],"about":[{"href":"https:\/\/okdiario.com\/metabolic\/wp-json\/wp\/v2\/types\/post"}],"author":[{"embeddable":true,"href":"https:\/\/okdiario.com\/metabolic\/wp-json\/wp\/v2\/users\/33"}],"replies":[{"embeddable":true,"href":"https:\/\/okdiario.com\/metabolic\/wp-json\/wp\/v2\/comments?post=12767529"}],"version-history":[{"count":2,"href":"https:\/\/okdiario.com\/metabolic\/wp-json\/wp\/v2\/posts\/12767529\/revisions"}],"predecessor-version":[{"id":12767921,"href":"https:\/\/okdiario.com\/metabolic\/wp-json\/wp\/v2\/posts\/12767529\/revisions\/12767921"}],"wp:featuredmedia":[{"embeddable":true,"href":"https:\/\/okdiario.com\/metabolic\/wp-json\/wp\/v2\/media\/12767535"}],"wp:attachment":[{"href":"https:\/\/okdiario.com\/metabolic\/wp-json\/wp\/v2\/media?parent=12767529"}],"wp:term":[{"taxonomy":"category","embeddable":true,"href":"https:\/\/okdiario.com\/metabolic\/wp-json\/wp\/v2\/categories?post=12767529"},{"taxonomy":"post_tag","embeddable":true,"href":"https:\/\/okdiario.com\/metabolic\/wp-json\/wp\/v2\/tags?post=12767529"}],"curies":[{"name":"wp","href":"https:\/\/api.w.org\/{rel}","templated":true}]}}