{"id":12766479,"date":"2025-07-23T08:18:29","date_gmt":"2025-07-23T06:18:29","guid":{"rendered":"https:\/\/okdiario.com\/metabolic\/?p=12766479"},"modified":"2025-07-22T23:18:57","modified_gmt":"2025-07-22T21:18:57","slug":"la-lista-de-peliculas-que-tienes-que-ver-para-cuidar-tu-salud-mentar-y-mejorar-tu-inteligencia-emocional-segun-los-psiquiatras","status":"publish","type":"post","link":"https:\/\/okdiario.com\/metabolic\/psicologia\/la-lista-de-peliculas-que-tienes-que-ver-para-cuidar-tu-salud-mentar-y-mejorar-tu-inteligencia-emocional-segun-los-psiquiatras-12766479\/","title":{"rendered":"La lista de pel\u00edculas que tienes que ver para cuidar tu salud mentar y mejorar tu inteligencia emocional, seg\u00fan los psiquiatras"},"content":{"rendered":"<p>El cine puede convertirse en una herramienta terap\u00e9utica complementaria en un mundo cada vez m\u00e1s acelerado, donde el <a href=\"https:\/\/okdiario.com\/metabolic\/psicologia\/emociones\/la-tecnica-infalible-de-marian-rojas-para-acabar-con-la-ansiedad-en-minutos-desaparece-12743949\/\">estr\u00e9s, la ansiedad<\/a> y la falta de conexi\u00f3n emocional son moneda corriente. Las pel\u00edculas, adem\u00e1s de entretener, permiten reflexionar,<strong> identificarse con personajes,<\/strong> poner en palabras emociones dif\u00edciles y activar procesos de autoconocimiento. En este sentido, desde la psicolog\u00eda se reconoce el potencial del arte audiovisual narrativo para abordar conflictos internos. Por eso, cada vez m\u00e1s profesionales recomiendan la llamada filmo terapia, una t\u00e9cnica que utiliza pelis o films seleccionados como medio para mejorar el bienestar emocional y facilitar el di\u00e1logo terap\u00e9utico. La clave est\u00e1 en elegir historias que movilicen, ense\u00f1en y acompa\u00f1en con sensibilidad.<\/p>\n<p>A continuaci\u00f3n, se presentan diferentes pel\u00edculas que, por su trama, tono y profundidad, pueden tener un impacto positivo en la salud mental. Es importante resaltar que no se trata de soluciones m\u00e1gicas ni de recetas universales, sino de propuestas que abren una ventana al mundo emocional de personajes complejos y humanos, con los que muchas personas <strong>pueden sentirse identificadas<\/strong>. Las producciones permiten conectar con temas como el duelo, la depresi\u00f3n, los v\u00ednculos familiares, la<strong> salud mental en la vejez o<\/strong> el valor de expresar lo que sentimos. Adem\u00e1s, fomentan <a href=\"https:\/\/okdiario.com\/metabolic\/psicologia\/que-es-la-empatia-y-como-desarrollarla-288\/\">la empat\u00eda<\/a> y abren conversaciones necesarias sobre el cuidado de uno mismo y de los otros. El cine no sustituye a la terapia ni reemplaza a un profesional, pero s\u00ed puede ser un puente para comprendernos mejor. El <a href=\"https:\/\/saludmentalperinatal.es\/\" target=\"_blank\" rel=\"noopener\">Instituto Europeo de Salud Mental Perinatal<\/a> comenta que el relato y la narrativa ayudan a integrar la experiencia emocional, dan sentido y reducen la angustia.<\/p>\n<h2>\u00bfQu\u00e9 pel\u00edculas se recomiendan ver para mejorar la salud mental?<\/h2>\n<p>El cine permite conectar con aspectos de nuestra vida emocional que a menudo ignoramos o no sabemos c\u00f3mo enfrentar. Las pel\u00edculas pueden ser puntos de partida para hablar de temas dif\u00edciles, entender nuestros procesos internos o simplemente sentirnos acompa\u00f1ados.<\/p>\n<p>En este sentido, los especialistas en psicolog\u00eda, muchas veces recomiendan ver determinadas pel\u00edculas para trabajar emociones concretas. La <a href=\"https:\/\/fepsm.org\/\" target=\"_blank\" rel=\"noopener\">Fundaci\u00f3n Espa\u00f1ola de Psiquiatr\u00eda y Salud Mental<\/a> indica que el arte, la literatura y el cine pueden complementar los tratamientos cl\u00ednicos al facilitar la reflexi\u00f3n y el di\u00e1logo.<\/p>\n<p>El psiquiatra Alejandro Mart\u00ednez Rico destaca en su <a href=\"https:\/\/www.instagram.com\/reel\/DFSS6zmtDat\/?utm_source=ig_embed\" target=\"_blank\" rel=\"noopener\">cuenta de Instagram<\/a> que el cine va m\u00e1s all\u00e1 del entretenimiento y es una herramienta poderosa para <strong>visibilizar la salud mental.<\/strong> \u00abA trav\u00e9s de historias que reflejan emociones profundas, nos ayuda a empatizar con los dem\u00e1s y con nosotros mismos. Nos permite reconocer nuestras propias luchas, darnos permiso para sentir y comprender que no estamos solos\u00bb, afirma.<\/p>\n<p>Seg\u00fan Mart\u00ednez Rico, ver representadas nuestras emociones en la pantalla puede inspirarnos a buscar ayuda, cambiar o simplemente sentirnos comprendidos. A su vez, destaca que el cine ilumina lo que solemos callar y transmite un mensaje esencial: lo <strong>que sentimos importa<\/strong>, incluso cuando duele o no lo entendemos del todo. Por lo tanto, el psiquiatra recomienda un listado de pel\u00edculas que destacamos a continuaci\u00f3n:<\/p>\n<h3>\u201cEl peor vecino del mundo\u201d: depresi\u00f3n, p\u00e9rdida y segundas oportunidades<\/h3>\n<p>Est\u00e1 basada en la novela de Fredrik Backman, una pel\u00edcula protagonizada por Tom Hanks que aborda la vida de un hombre solitario y hura\u00f1o que atraviesa una profunda depresi\u00f3n tras la muerte de su esposa. Con la llegada de una nueva familia vecina, su rutina se ve interrumpida y comienza, poco a poco, una transformaci\u00f3n.<\/p>\n<p>El filme permite comprender mejor el dolor del duelo y c\u00f3mo los peque\u00f1os gestos pueden ser salvavidas emocionales. La historia demuestra que incluso en la tristeza m\u00e1s profunda pueden surgir gestos nobles y de humanidad que lo cambian todo.<\/p>\n<h3>\u201cBajo terapia\u201d: emociones contenidas y verdades inc\u00f3modas<\/h3>\n<p>Est\u00e1 dirigida por Gerardo Herrero y est\u00e1 basada en la obra teatral de Mat\u00edas del Federico. El film presenta a tres parejas que participan en una sesi\u00f3n grupal de terapia. A lo largo de la jornada, los personajes se enfrentan a verdades que nunca se animaron a decir.<\/p>\n<p><img fetchpriority=\"high\" decoding=\"async\" class=\"alignnone size-full wp-image-12754452\" src=\"https:\/\/okdiario.com\/metabolic\/wp-content\/uploads\/2025\/02\/television.jpg\" alt=\"\" width=\"1200\" height=\"675\" srcset=\"https:\/\/okdiario.com\/metabolic\/wp-content\/uploads\/2025\/02\/television.jpg 1200w, https:\/\/okdiario.com\/metabolic\/wp-content\/uploads\/2025\/02\/television-300x169.jpg 300w, https:\/\/okdiario.com\/metabolic\/wp-content\/uploads\/2025\/02\/television-150x84.jpg 150w, https:\/\/okdiario.com\/metabolic\/wp-content\/uploads\/2025\/02\/television-768x432.jpg 768w, https:\/\/okdiario.com\/metabolic\/wp-content\/uploads\/2025\/02\/television-750x422.jpg 750w, https:\/\/okdiario.com\/metabolic\/wp-content\/uploads\/2025\/02\/television-1140x641.jpg 1140w\" sizes=\"(max-width: 1200px) 100vw, 1200px\" \/><\/p>\n<p>El tono comienza como comedia, pero gira de inmediato hacia el <strong>drama con gran profundidad.<\/strong> Es una pel\u00edcula que visibiliza el da\u00f1o de la represi\u00f3n emocional y el valor de expresarse sin miedo.<\/p>\n<p>Seg\u00fan los expertos de la <a href=\"https:\/\/sepsm.org\/\" target=\"_blank\" rel=\"noopener\">Sociedad Espa\u00f1ola de Psiquiatr\u00eda y Salud Mental<\/a>, la salud emocional implica, entre otras cosas, poder identificar y comunicar nuestras emociones.<\/p>\n<h3>\u201cEl padre\u201d: la mente frente a la p\u00e9rdida de memoria<\/h3>\n<p>Anthony Hopkins interpreta a un hombre con demencia en esta aclamada pel\u00edcula de 2020. Lo innovador del film es que el espectador vive la historia desde el punto de vista del protagonista, lo que genera confusi\u00f3n, angustia y empat\u00eda.<\/p>\n<p>\u201cEl padre\u201d permite comprender c\u00f3mo se percibe el mundo cuando la memoria comienza a fallar y tambi\u00e9n muestra el dolor de quienes acompa\u00f1an ese proceso.<\/p>\n<p>Desde la <a href=\"https:\/\/www.europsy.net\/\" target=\"_blank\" rel=\"noopener\">Asociaci\u00f3n Europea de Psiquiatr\u00eda<\/a> (EPA) se ha destacado la importancia de visibilizar este tipo de condiciones para reducir el estigma y favorecer la comprensi\u00f3n social.<\/p>\n<h3>\u201cDel rev\u00e9s 2\u201d: emociones que nos definen<\/h3>\n<p>Esta secuela de la exitosa pel\u00edcula animada de Pixar retoma la historia de Riley, ahora adolescente, y presenta nuevas emociones como la ansiedad, la verg\u00fcenza y la envidia. Con <strong>gran sensibilidad, humor y creatividad,<\/strong> esta pel\u00edcula muestra c\u00f3mo estas emociones \u201cinc\u00f3modas\u201d tambi\u00e9n forman parte del desarrollo personal.<\/p>\n<p>Es una pel\u00edcula ideal para ver en familia o con adolescentes porque ofrece una herramienta para poner en palabras lo que muchas veces no se sabe c\u00f3mo expresar. La psic\u00f3loga brit\u00e1nica <a href=\"https:\/\/professortanyabyron.com\/\" target=\"_blank\" rel=\"noopener\">Tanya Byron<\/a> sostiene que \u201cense\u00f1ar a los ni\u00f1os a identificar y hablar de sus emociones es clave para su salud mental a largo plazo\u201d. De hecho es indicada para ni\u00f1os y adolescentes, pero al final para toda la familia, grandes y peque\u00f1os se ven reflejados con alguno de los personajes o emociones.<\/p>\n<h3>\u201cCasa en llamas\u201d: familia y psicolog\u00eda<\/h3>\n<p>Esta pel\u00edcula es pura emoci\u00f3n desde el inicio hasta el final. Un drama familiar que ahonda en las situaciones de sus personajes: madres, hijos, abuelos, hermanos y hasta relaciones amorosas. Los di\u00e1logos y las interpretaciones de los actores son de diez, y no deja a nadie indiferente porque todos nos vemos en alguno de los miembros de esta familia que vuelve a la casa familiar de un pueblo de la Costa Brava.<\/p>\n<p>&nbsp;<\/p>\n<p>&nbsp;<\/p>\n<p>&nbsp;<\/p>\n","protected":false},"excerpt":{"rendered":"<p>El cine puede convertirse en una herramienta terap\u00e9utica complementaria en un mundo cada vez m\u00e1s acelerado, donde el estr\u00e9s, la ansiedad y la falta de conexi\u00f3n emocional son moneda corriente. Las pel\u00edculas, adem\u00e1s de entretener, permiten reflexionar, identificarse con personajes, poner en palabras emociones dif\u00edciles y activar procesos de autoconocimiento. En este sentido, desde la [&hellip;]<\/p>\n","protected":false},"author":4,"featured_media":12754449,"comment_status":"closed","ping_status":"closed","sticky":false,"template":"","format":"standard","meta":{"inline_featured_image":false,"jnews-multi-image_gallery":[],"jnews_single_post":{"format":"standard","override":[{"template":"10","single_blog_custom":"0","layout":"no-sidebar-narrow","sidebar":"single-sidebar","second_sidebar":"single-sidebar","sticky_sidebar":"1","share_position":"bottom","share_float_style":"share-monocrhome","show_featured":"1","show_post_meta":"1","show_post_author":"1","show_post_author_image":"1","show_post_date":"1","post_date_format":"custom","post_date_format_custom":"d\/m\/Y","show_post_category":"1","post_reading_time_wpm":"300","post_calculate_word_method":"str_word_count","zoom_button_out_step":"2","zoom_button_in_step":"3","show_post_tag":"1","number_popup_post":"1","show_author_box":"1","show_post_related":"1","show_inline_post_related":"1"}],"image_override":[{"single_post_thumbnail_size":"no-crop","single_post_gallery_size":"crop-715"}],"trending_post_position":"meta","trending_post_label":"Trending","sponsored_post_label":"Sponsored by","disable_ad":"0","subtitle":"Psicolog\u00eda"},"jnews_primary_category":[],"jnews_social_meta":[],"jnews_review":[],"enable_review":"","type":"percentage","name":"","summary":"","brand":"","sku":"","good":[],"bad":[],"score_override":"","override_value":"","rating":[],"price":[],"jnews_override_counter":{"view_counter_number":"0","share_counter_number":"0","like_counter_number":"0","dislike_counter_number":"0"},"jnews_post_split":{"post_split":[{"template":"1","tag":"h2","numbering":"asc","mode":"normal","first":"0","enable_toc":"0","toc_type":"normal"}]},"footnotes":""},"categories":[27,29,30],"tags":[1595],"class_list":["post-12766479","post","type-post","status-publish","format-standard","has-post-thumbnail","hentry","category-psicologia","category-autoayuda","category-emociones","tag-tende"],"amp_enabled":true,"_links":{"self":[{"href":"https:\/\/okdiario.com\/metabolic\/wp-json\/wp\/v2\/posts\/12766479","targetHints":{"allow":["GET"]}}],"collection":[{"href":"https:\/\/okdiario.com\/metabolic\/wp-json\/wp\/v2\/posts"}],"about":[{"href":"https:\/\/okdiario.com\/metabolic\/wp-json\/wp\/v2\/types\/post"}],"author":[{"embeddable":true,"href":"https:\/\/okdiario.com\/metabolic\/wp-json\/wp\/v2\/users\/4"}],"replies":[{"embeddable":true,"href":"https:\/\/okdiario.com\/metabolic\/wp-json\/wp\/v2\/comments?post=12766479"}],"version-history":[{"count":1,"href":"https:\/\/okdiario.com\/metabolic\/wp-json\/wp\/v2\/posts\/12766479\/revisions"}],"predecessor-version":[{"id":12766488,"href":"https:\/\/okdiario.com\/metabolic\/wp-json\/wp\/v2\/posts\/12766479\/revisions\/12766488"}],"wp:featuredmedia":[{"embeddable":true,"href":"https:\/\/okdiario.com\/metabolic\/wp-json\/wp\/v2\/media\/12754449"}],"wp:attachment":[{"href":"https:\/\/okdiario.com\/metabolic\/wp-json\/wp\/v2\/media?parent=12766479"}],"wp:term":[{"taxonomy":"category","embeddable":true,"href":"https:\/\/okdiario.com\/metabolic\/wp-json\/wp\/v2\/categories?post=12766479"},{"taxonomy":"post_tag","embeddable":true,"href":"https:\/\/okdiario.com\/metabolic\/wp-json\/wp\/v2\/tags?post=12766479"}],"curies":[{"name":"wp","href":"https:\/\/api.w.org\/{rel}","templated":true}]}}