{"id":12765333,"date":"2025-07-10T10:00:00","date_gmt":"2025-07-10T08:00:00","guid":{"rendered":"https:\/\/okdiario.com\/metabolic\/?p=12765333"},"modified":"2025-07-10T10:28:48","modified_gmt":"2025-07-10T08:28:48","slug":"el-significado-de-que-una-persona-vista-siempre-de-negro-segun-los-psicologos","status":"publish","type":"post","link":"https:\/\/okdiario.com\/metabolic\/psicologia\/el-significado-de-que-una-persona-vista-siempre-de-negro-segun-los-psicologos-12765333\/","title":{"rendered":"El significado de que una persona vista siempre de negro, seg\u00fan los psic\u00f3logos"},"content":{"rendered":"<p>La forma en que nos vestimos dice mucho sobre qui\u00e9nes somos, <a href=\"http:\/\/okdiario.com\/metabolic\/psicologia\/si-desbloqueas-el-movil-muchas-veces-en-poco-tiempo-tienes-estos-rasgos-segun-la-psicologia-12765323\/\">de nosotros y de nuestra personalidad<\/a>. Cada color, textura y estilo refleja parte de nuestra personalidad, estado de \u00e1nimo o incluso nuestro contexto social. Algunas personas prefieren colores brillantes y llamativos, mientras que otras optan por tonos neutros o apagados. En este amplio espectro de elecciones, hay quienes<strong> eligen vestir de negro<\/strong> casi exclusivamente. \u00bfQu\u00e9 significa?<\/p>\n<p>Seg\u00fan la psic\u00f3loga <a href=\"https:\/\/pilarguerra.es\/2025\/01\/07\/que-significa-que-alguien-vista-siempre-de-negro-segun-la-psicologia\/\" target=\"_blank\" rel=\"noopener\">Pilar Guerra<\/a>, \u00abel negro m\u00e1s all\u00e1 de ser un simple color, es un lenguaje universal\u00bb. Est\u00e1 cargado de simbolismo, asociado tanto al misterio como a la elegancia. Para algunos, vestirse de negro representa sobriedad y sofisticaci\u00f3n; para otros, es una forma de expresar introspecci\u00f3n, <strong>rebeld\u00eda o protecci\u00f3n emocional.<\/strong> El oscuro tiene una cualidad que impone respeto y distancia, lo que puede resultar atractivo para personas introvertidas o reservadas. Tambi\u00e9n es una elecci\u00f3n pr\u00e1ctica: combina con todo, es f\u00e1cil de mantener y estiliza la figura. En t\u00e9rminos psicol\u00f3gicos, quienes visten con este color suelen ser percibidos como personas seguras, serias y con un fuerte sentido de la identidad. Sin embargo, tambi\u00e9n puede ser una se\u00f1al de duelo, melancol\u00eda o necesidad de pasar desapercibido. Esta elecci\u00f3n de color tiene consecuencias en la forma en que los dem\u00e1s nos perciben, pero tambi\u00e9n en c\u00f3mo nos sentimos con nosotros mismos.<\/p>\n<h2>\u00bfPor qu\u00e9 hay personas que visten siempre de negro?<\/h2>\n<p>El negro es un color fuerte, neutro, pero tambi\u00e9n profundo y ambiguo. Su significado puede variar seg\u00fan el contexto cultural y la intenci\u00f3n de quien lo usa. Los principales significados en la ropa incluyen:<\/p>\n<h3>Autoridad y poder<\/h3>\n<p>Muchas personas visten de negro porque este color impone respeto. Uniformes policiales, trajes ejecutivos y vestimentas judiciales utilizan el negro para transmitir poder, orden y control. Este significado se relaciona con la seriedad y la sobriedad, caracter\u00edsticas que se buscan proyectar en ambientes laborales competitivos o jer\u00e1rquicos.<\/p>\n<h3>Elegancia y sofisticaci\u00f3n<\/h3>\n<p>El negro es el color por excelencia de la alta costura. Un vestido negro, un traje oscuro o una camisa negra bien planchada suelen ser interpretados como s\u00edmbolos de distinci\u00f3n y clase. Es un color que estiliza la figura y da un aire pulido y refinado.<\/p>\n<h3>Misterio e introspecci\u00f3n<\/h3>\n<p>El negro tiene una cualidad enigm\u00e1tica. Al ser un color que no refleja luz, muchas veces se interpreta como \u201cescondido\u201d o \u201ccerrado\u201d. Por eso, quienes visten de negro pueden parecer reservados o dif\u00edciles de leer. Esta aura de misterio resulta atractiva para algunos, pues sugiere profundidad, reflexi\u00f3n e incluso inteligencia emocional. Es com\u00fan en personas introspectivas o creativas.<\/p>\n<h3>Seriedad y formalidad<\/h3>\n<p>A la vez, es un color que evita la frivolidad. Al usarlo, se transmite la sensaci\u00f3n de que la persona se toma las cosas en serio. Por eso es habitual en contextos donde se espera una actitud profesional o respetuosa, como entrevistas de trabajo, eventos institucionales o situaciones religiosas. Tambi\u00e9n es el color de elecci\u00f3n en actos solemnes o ceremonias formales especialmente en muchas culturas y pa\u00edses.<\/p>\n<h3>Perfecci\u00f3n emocional<\/h3>\n<p>Para algunas personas, vestir de este color es una manera de protegerse. El negro funciona como una barrera simb\u00f3lica entre uno mismo y el mundo exterior. Puede ayudar a reducir la ansiedad social, a sentirse menos vulnerable o a evitar llamar la atenci\u00f3n. En este caso, el negro cumple una funci\u00f3n emocional, casi terap\u00e9utica, que ayuda a generar una sensaci\u00f3n de seguridad.<\/p>\n<h3>Tristeza, duelo o p\u00e9rdida<\/h3>\n<p>En muchas culturas, es el color del luto. Se asocia a la muerte, la p\u00e9rdida o la melancol\u00eda. Vestirse de negro en estos contextos puede ser una muestra de respeto, pero tambi\u00e9n una forma de manifestar dolor o de conectarse con emociones profundas.<\/p>\n<p>Incluso fuera del contexto del duelo formal, algunas personas visten de negro cuando atraviesan momentos de tristeza, depresi\u00f3n o introspecci\u00f3n emocional y lo reflejan en su vestimenta.<\/p>\n<h3>Las causas por las que las personas prefieren vestir de negro<\/h3>\n<ul>\n<li>Preferencia est\u00e9tica: les gusta c\u00f3mo se ve el color oscuro en su cuerpo o estilo.<\/li>\n<li>Comodidad y simplicidad: es un color vers\u00e1til y f\u00e1cil de combinar.<\/li>\n<li>Estado emocional o psicol\u00f3gico como ansiedad, depresi\u00f3n o deseo de invisibilidad.<\/li>\n<li>Influencia cultural o social de iconos de moda, arte o subculturas.<\/li>\n<li>Contexto profesional: trabajar en moda, arte, dise\u00f1o o eventos formales.<\/li>\n<\/ul>\n<h3>Consejos y recomendaciones para quienes visten siempre de negro<\/h3>\n<p>Si eres de las personas que eligen vestir de oscuro todos los d\u00edas, estos consejos pueden ayudarte a equilibrar est\u00e9tica, salud emocional y funcionalidad:<\/p>\n<ul>\n<li>Juega con texturas: incorporar diferentes telas y acabados puede enriquecer tu look sin salir del negro.<\/li>\n<li>Cuida tu salud emocional: si sientes que el negro est\u00e1 vinculado a un estado emocional negativo, considera hablarlo con un profesional.<\/li>\n<li>Evita la monoton\u00eda visual: usa prendas con cortes, estructuras o capas interesantes.<\/li>\n<li>A\u00f1ade peque\u00f1os toques de color: accesorios o detalles pueden aportar contraste sin perder tu estilo.<\/li>\n<\/ul>\n<p>&nbsp;<\/p>\n<p>&nbsp;<\/p>\n<p>&nbsp;<\/p>\n","protected":false},"excerpt":{"rendered":"<p>La forma en que nos vestimos dice mucho sobre qui\u00e9nes somos, de nosotros y de nuestra personalidad. Cada color, textura y estilo refleja parte de nuestra personalidad, estado de \u00e1nimo o incluso nuestro contexto social. Algunas personas prefieren colores brillantes y llamativos, mientras que otras optan por tonos neutros o apagados. En este amplio espectro [&hellip;]<\/p>\n","protected":false},"author":4,"featured_media":12765335,"comment_status":"closed","ping_status":"closed","sticky":false,"template":"","format":"standard","meta":{"inline_featured_image":false,"jnews-multi-image_gallery":[],"jnews_single_post":{"format":"standard","override":[{"template":"10","single_blog_custom":"0","layout":"no-sidebar-narrow","sidebar":"single-sidebar","second_sidebar":"single-sidebar","sticky_sidebar":"1","share_position":"bottom","share_float_style":"share-monocrhome","show_featured":"1","show_post_meta":"1","show_post_author":"1","show_post_author_image":"1","show_post_date":"1","post_date_format":"custom","post_date_format_custom":"d\/m\/Y","show_post_category":"1","post_reading_time_wpm":"300","post_calculate_word_method":"str_word_count","zoom_button_out_step":"2","zoom_button_in_step":"3","show_post_tag":"1","number_popup_post":"1","show_author_box":"1","show_post_related":"1","show_inline_post_related":"1"}],"image_override":[{"single_post_thumbnail_size":"no-crop","single_post_gallery_size":"crop-715"}],"trending_post_position":"meta","trending_post_label":"Trending","sponsored_post_label":"Sponsored by","disable_ad":"0","subtitle":"Psicolog\u00eda"},"jnews_primary_category":[],"jnews_social_meta":[],"jnews_review":[],"enable_review":"","type":"percentage","name":"","summary":"","brand":"","sku":"","good":[],"bad":[],"score_override":"","override_value":"","rating":[],"price":[],"jnews_override_counter":{"view_counter_number":"0","share_counter_number":"0","like_counter_number":"0","dislike_counter_number":"0"},"jnews_post_split":{"post_split":[{"template":"1","tag":"h2","numbering":"asc","mode":"normal","first":"0","enable_toc":"0","toc_type":"normal"}]},"footnotes":""},"categories":[27,29,30],"tags":[1565],"class_list":["post-12765333","post","type-post","status-publish","format-standard","has-post-thumbnail","hentry","category-psicologia","category-autoayuda","category-emociones","tag-tendencias"],"amp_enabled":true,"_links":{"self":[{"href":"https:\/\/okdiario.com\/metabolic\/wp-json\/wp\/v2\/posts\/12765333","targetHints":{"allow":["GET"]}}],"collection":[{"href":"https:\/\/okdiario.com\/metabolic\/wp-json\/wp\/v2\/posts"}],"about":[{"href":"https:\/\/okdiario.com\/metabolic\/wp-json\/wp\/v2\/types\/post"}],"author":[{"embeddable":true,"href":"https:\/\/okdiario.com\/metabolic\/wp-json\/wp\/v2\/users\/4"}],"replies":[{"embeddable":true,"href":"https:\/\/okdiario.com\/metabolic\/wp-json\/wp\/v2\/comments?post=12765333"}],"version-history":[{"count":2,"href":"https:\/\/okdiario.com\/metabolic\/wp-json\/wp\/v2\/posts\/12765333\/revisions"}],"predecessor-version":[{"id":12765338,"href":"https:\/\/okdiario.com\/metabolic\/wp-json\/wp\/v2\/posts\/12765333\/revisions\/12765338"}],"wp:featuredmedia":[{"embeddable":true,"href":"https:\/\/okdiario.com\/metabolic\/wp-json\/wp\/v2\/media\/12765335"}],"wp:attachment":[{"href":"https:\/\/okdiario.com\/metabolic\/wp-json\/wp\/v2\/media?parent=12765333"}],"wp:term":[{"taxonomy":"category","embeddable":true,"href":"https:\/\/okdiario.com\/metabolic\/wp-json\/wp\/v2\/categories?post=12765333"},{"taxonomy":"post_tag","embeddable":true,"href":"https:\/\/okdiario.com\/metabolic\/wp-json\/wp\/v2\/tags?post=12765333"}],"curies":[{"name":"wp","href":"https:\/\/api.w.org\/{rel}","templated":true}]}}