{"id":12765197,"date":"2025-07-08T15:39:14","date_gmt":"2025-07-08T13:39:14","guid":{"rendered":"https:\/\/okdiario.com\/metabolic\/?p=12765197"},"modified":"2025-07-08T15:39:14","modified_gmt":"2025-07-08T13:39:14","slug":"el-significado-de-andar-con-las-manos-en-la-espalda-segun-la-psicologia-tienes-estos-3-rasgos","status":"publish","type":"post","link":"https:\/\/okdiario.com\/metabolic\/psicologia\/el-significado-de-andar-con-las-manos-en-la-espalda-segun-la-psicologia-tienes-estos-3-rasgos-12765197\/","title":{"rendered":"El significado de andar con las manos en la espalda, seg\u00fan la psicolog\u00eda: tienes estos 3 rasgos"},"content":{"rendered":"<p>Sea por costumbre, por estar m\u00e1s c\u00f3modo\u2026 hay personas que <strong>andan con las manos en la espalda.<\/strong> \u00bfTiene alg\u00fan efecto en la psicolog\u00eda? Pues parece que s\u00ed. Quienes tienen este h\u00e1bito suelen tener determinados rasgos. Todo depende de cada persona, pero en general, estamos hablando de <a href=\"https:\/\/okdiario.com\/metabolic\/psicologia\/emociones\/estas-son-las-frases-que-utilizan-las-personas-que-estan-muy-seguras-de-si-mismas-segun-harvard-12758781\/\">quienes suelen tener confianza<\/a> en s\u00ed mismos, ser pausados o bien estar en estado de reflexi\u00f3n constante.<\/p>\n<p>Todo ello est\u00e1 relacionado con aquel lenguaje no verbal que siempre dice mucho de nosotros mismos. Seg\u00fan la <a href=\"https:\/\/www.mheducation.es\/bcv\/guide\/capitulo\/8448175743.pdf\" target=\"_blank\" rel=\"noopener\">MH Education<\/a>, el lenguaje no verbal es \u00abese lenguaje complementario al de las palabras formado por los gestos, las posturas, las miradas\u2026 que utilizamos \u2014consciente e inconscientemente\u2014 para expresar estados de \u00e1nimo o sentimientos de manera habitual: la comunicaci\u00f3n no verbal. Su importancia es tal que se considera que, en una <strong>comunicaci\u00f3n cara a cara, el componente verbal<\/strong> es del 35% aproximadamente frente al 65% que se corresponde con la comunicaci\u00f3n no verbal (gestos, movimientos, se\u00f1ales, etc.). Por tanto, es la que transmite m\u00e1s informaci\u00f3n\u00bb. Descubre por qu\u00e9 hay personas que andan con las manos en la espalda y qu\u00e9 quiere decir.<\/p>\n<h2>Por qu\u00e9 hay quienes andan con las manos en la espalda<\/h2>\n<h3>M\u00e1s pensativos<\/h3>\n<p>Tales personas suelen ser m\u00e1s reflexivos y pensativos. Cuando hacen este gesto, es que normalmente suelen pensar profundamente o est\u00e1n reflexionando. Este gesto puede expresar calma, contemplaci\u00f3n o concentraci\u00f3n.<\/p>\n<h3>Mayor control de la situaci\u00f3n<\/h3>\n<p>A su vez, quienes suelen hacer este gesto, y ponen las manos detr\u00e1s cuando andan, pueden estar acostumbrados a contar con una educaci\u00f3n algo estricta. Se asocia entonces a una postura de autoridad, vigilancia o control. Los superiores o personas al mando suelen adoptar esta postura como s\u00edmbolo de poder tranquilo y observaci\u00f3n a la vez.<\/p>\n<h3>Relax<\/h3>\n<p>Aquellas personas que andan de esta manera suelen mostrarse relajadas, aparentan estar algo m\u00e1s tranquilas. Van si prisa, con pausa, y calma, est\u00e1n disfrutando del momento.<\/p>\n<h3>Postura sumisa<\/h3>\n<p>En el caso de que andemos con manos en la espalda pero con la mirada y barbilla hacia abajo, entonces es una acci\u00f3n sumisa. As\u00ed lo ve<a href=\"https:\/\/www.tiktok.com\/@soycriminologo\/video\/7187468615162137861?lang=es\" target=\"_blank\" rel=\"noopener\"> Soy Crimin\u00f3logo en su cuenta de TikTok<\/a> donde da varios significados sobre este tema.<\/p>\n<p>Todo ello depende de c\u00f3mo se comporte cada persona, del contexto, del entorno en cada momento, puesto que de la arrogancia se pasa a la calma y en otras ocasiones a la sumisi\u00f3n. As\u00ed que hay diversas de personalidades seg\u00fan cada uno y lo que nos puede rodear.<\/p>\n<h3>Andar con las manos en la espalda y el lenguaje no verbal<\/h3>\n<p>Respecto al lenguaje no verbal, el <a href=\"https:\/\/www.iepp.es\/lenguaje-no-verbal-corporal\/\" target=\"_blank\" rel=\"noopener\">Instituto Europeo de Psicolog\u00eda Positiva<\/a> explica que cada uno de los movimientos de nuestro cuerpo dice cosas muy distintas, como por ejemplo gui\u00f1ar un ojo quiere decir complicidad y necesidad de acercamiento; o bien abrir la boca o levantar las cejas es un gesto de sorpresa. Dentro de todos estos gestos se <strong>puede incluir el de la postura,<\/strong> y c\u00f3mo ponemos las manos al caminar.<\/p>\n<p>Entonces, por ejemplo, una forma de interpretar una caminata con manos unidas por la espalda puede ser tener una postura de confianza y autoridad, ya que necesariamente para lograrlo, debemos erigir nuestra espalda, y as\u00ed llevar nuestra mirada al frente, lo que puede entenderse como una se\u00f1al de liderazgo.<\/p>\n<p>A lo largo de los a\u00f1os,<strong> cientos de figuras militares,<\/strong> pol\u00edticas y de la academia, han tomado esta postura como forma de dominio y control.<\/p>\n<h3>Beneficios de andar<\/h3>\n<p>Sea como sea, caminar comporta diversos beneficios. Seg\u00fan la OMS, la actividad f\u00edsica moderada, como caminar, es una herramienta eficaz para reducir s\u00edntomas depresivos en mayores, especialmente cuando se realiza en entornos naturales.<\/p>\n<p>\u00abLas personas que caminan logran fortalecer el sistema cardiovascular, mejoran la postura, tonifican m\u00fasculos como los gl\u00fateos y las piernas, y previenen enfermedades cr\u00f3nicas como la diabetes tipo 2\u00bb, destacan. Otro beneficio de andar es a nivel psicol\u00f3gico, porque obtienes una pausa mental, especialmente si se realiza al aire libre.<\/p>\n<h3>Ayuda a controlar el apetito<\/h3>\n<p>Un beneficio poco conocido de caminar regularmente es su efecto sobre el control del hambre. Varias investigaciones han demostrado que el ejercicio aer\u00f3bico moderado, como caminar, puede disminuir los niveles de grelina, la hormona que estimula el apetito, al tiempo que aumenta la sensibilidad a la leptina, que env\u00eda se\u00f1ales de saciedad al cerebro.<\/p>\n<h3>Favorece la circulaci\u00f3n sangu\u00ednea<\/h3>\n<p>Adem\u00e1s, mejora la calidad del sue\u00f1o y favorece la circulaci\u00f3n sangu\u00ednea. La <a href=\"https:\/\/www.escardio.org\/The-ESC\/Press-Office\/Press-releases\/World-s-largest-study-shows-the-more-you-walk-the-lower-your-risk-of-death-even-if-you-walk-fewer-than-5-000-steps\" target=\"_blank\" rel=\"noopener\">European Society of Cardiology<\/a> se\u00f1ala que caminar entre 30 y 60 minutos al d\u00eda reduce significativamente la mortalidad por causas cardiovasculares, especialmente en personas mayores. Por eso, incluso si los resultados en el peso tardan en aparecer, los beneficios acumulativos sobre la salud general justifican cada paso dado.<\/p>\n<p>Caminar entre media y una hora al d\u00eda es una de las mejores decisiones que puedes tomar para mejorar tu salud f\u00edsica y mental. Los beneficios son numerosos y respaldados por instituciones de renombre como la OMS y la Universidad de Harvard.<\/p>\n<p>&nbsp;<\/p>\n<p>&nbsp;<\/p>\n","protected":false},"excerpt":{"rendered":"<p>Sea por costumbre, por estar m\u00e1s c\u00f3modo\u2026 hay personas que andan con las manos en la espalda. \u00bfTiene alg\u00fan efecto en la psicolog\u00eda? Pues parece que s\u00ed. Quienes tienen este h\u00e1bito suelen tener determinados rasgos. Todo depende de cada persona, pero en general, estamos hablando de quienes suelen tener confianza en s\u00ed mismos, ser pausados [&hellip;]<\/p>\n","protected":false},"author":4,"featured_media":12737547,"comment_status":"closed","ping_status":"closed","sticky":false,"template":"","format":"standard","meta":{"inline_featured_image":false,"jnews-multi-image_gallery":[],"jnews_single_post":{"format":"standard","override":[{"template":"10","single_blog_custom":"0","layout":"no-sidebar-narrow","sidebar":"single-sidebar","second_sidebar":"single-sidebar","sticky_sidebar":"1","share_position":"bottom","share_float_style":"share-monocrhome","show_featured":"1","show_post_meta":"1","show_post_author":"1","show_post_author_image":"1","show_post_date":"1","post_date_format":"custom","post_date_format_custom":"d\/m\/Y","show_post_category":"1","post_reading_time_wpm":"300","post_calculate_word_method":"str_word_count","zoom_button_out_step":"2","zoom_button_in_step":"3","show_post_tag":"1","number_popup_post":"1","show_author_box":"1","show_post_related":"1","show_inline_post_related":"1"}],"image_override":[{"single_post_thumbnail_size":"no-crop","single_post_gallery_size":"crop-715"}],"trending_post_position":"meta","trending_post_label":"Trending","sponsored_post_label":"Sponsored by","disable_ad":"0","subtitle":"Psicolog\u00eda"},"jnews_primary_category":[],"jnews_social_meta":[],"jnews_review":[],"enable_review":"","type":"percentage","name":"","summary":"","brand":"","sku":"","good":[],"bad":[],"score_override":"","override_value":"","rating":[],"price":[],"jnews_override_counter":{"view_counter_number":"0","share_counter_number":"0","like_counter_number":"0","dislike_counter_number":"0"},"jnews_post_split":{"post_split":[{"template":"1","tag":"h2","numbering":"asc","mode":"normal","first":"0","enable_toc":"0","toc_type":"normal"}]},"footnotes":""},"categories":[27,29],"tags":[1565],"class_list":["post-12765197","post","type-post","status-publish","format-standard","has-post-thumbnail","hentry","category-psicologia","category-autoayuda","tag-tendencias"],"amp_enabled":true,"_links":{"self":[{"href":"https:\/\/okdiario.com\/metabolic\/wp-json\/wp\/v2\/posts\/12765197","targetHints":{"allow":["GET"]}}],"collection":[{"href":"https:\/\/okdiario.com\/metabolic\/wp-json\/wp\/v2\/posts"}],"about":[{"href":"https:\/\/okdiario.com\/metabolic\/wp-json\/wp\/v2\/types\/post"}],"author":[{"embeddable":true,"href":"https:\/\/okdiario.com\/metabolic\/wp-json\/wp\/v2\/users\/4"}],"replies":[{"embeddable":true,"href":"https:\/\/okdiario.com\/metabolic\/wp-json\/wp\/v2\/comments?post=12765197"}],"version-history":[{"count":1,"href":"https:\/\/okdiario.com\/metabolic\/wp-json\/wp\/v2\/posts\/12765197\/revisions"}],"predecessor-version":[{"id":12765207,"href":"https:\/\/okdiario.com\/metabolic\/wp-json\/wp\/v2\/posts\/12765197\/revisions\/12765207"}],"wp:featuredmedia":[{"embeddable":true,"href":"https:\/\/okdiario.com\/metabolic\/wp-json\/wp\/v2\/media\/12737547"}],"wp:attachment":[{"href":"https:\/\/okdiario.com\/metabolic\/wp-json\/wp\/v2\/media?parent=12765197"}],"wp:term":[{"taxonomy":"category","embeddable":true,"href":"https:\/\/okdiario.com\/metabolic\/wp-json\/wp\/v2\/categories?post=12765197"},{"taxonomy":"post_tag","embeddable":true,"href":"https:\/\/okdiario.com\/metabolic\/wp-json\/wp\/v2\/tags?post=12765197"}],"curies":[{"name":"wp","href":"https:\/\/api.w.org\/{rel}","templated":true}]}}