{"id":12763959,"date":"2025-06-26T09:24:53","date_gmt":"2025-06-26T07:24:53","guid":{"rendered":"https:\/\/okdiario.com\/metabolic\/?p=12763959"},"modified":"2025-06-26T09:24:53","modified_gmt":"2025-06-26T07:24:53","slug":"que-significa-que-una-persona-cierre-la-puerta-para-dormir-segun-la-psicologia","status":"publish","type":"post","link":"https:\/\/okdiario.com\/metabolic\/psicologia\/que-significa-que-una-persona-cierre-la-puerta-para-dormir-segun-la-psicologia-12763959\/","title":{"rendered":"Qu\u00e9 significa que una persona cierre la puerta para dormir, seg\u00fan la psicolog\u00eda"},"content":{"rendered":"<p>Contamos con diversos <a href=\"https:\/\/okdiario.com\/metabolic\/dietetica\/3-habitos-que-voy-a-empezar-a-practicar-para-llegar-al-verano-con-un-cuerpo-10-12760679\/\">h\u00e1bitos diarios<\/a> que nos posicionan seg\u00fan la personalidad. Algunos actos van m\u00e1s all\u00e1 y quieren decir muchas cosas, como el hecho de que alguien cierre la puerta para dormir. Por seguridad, costumbre, <strong>por no ver ninguna luz o miedo<\/strong>, son muchos los significados de este hecho que , seg\u00fan la psicolog\u00eda, depende de temas culturales y personales. Veamos qu\u00e9 quiere decir y qu\u00e9 dan a conocer los psic\u00f3logos sobre este tema.<\/p>\n<p>Seg\u00fan el <a href=\"https:\/\/colegiodepsicologossj.com.ar\" target=\"_blank\" rel=\"noopener\">Colegio de Psicol\u00f3gos<\/a>, hay quienes tienen miedo o incomodidad y prefieren cerrarla. Comentan que esto ofrece una sensaci\u00f3n de vulnerabilidad, as\u00ed no est\u00e1n tan \u00a0expuestos o vulnerables a posibles peligros o intrusos. Por lo tanto, <strong>necesitan una fuerte seguridad<\/strong>, ya que algunas personas pueden sentir que cerrar la puerta les brinda una sensaci\u00f3n de seguridad y control sobre su entorno mientras duermen. Estos profesionales se\u00f1alan que pueden haber sufrido experiencias previas negativas o traum\u00e1ticas, como robos o invasiones, pueden haber generado un miedo o una ansiedad asociados con dejar la puerta abierta mientras duermen. Y por otro lado, este hecho se puede deber a creencias culturales o familiares: las creencias o tradiciones familiares o culturales pueden influir en la forma en que una persona percibe la seguridad y la privacidad al dormir.<\/p>\n<h2>Por qu\u00e9 nos gusta dormir con la puerta cerrada para dormir<\/h2>\n<h3>Introversi\u00f3n<\/h3>\n<p>Seg\u00fan el centro El Prado Psic\u00f3logos, \u00abla persona con personalidad introvertida simplemente necesita la soledad y no huye el contacto social por temor sino porque no le apetece estar rodeada de gente\u00bb. Estas personas suelen recargar energ\u00eda en la soledad. Cerrar la puerta les permite reducir est\u00edmulos y mantener un ambiente controlado.<\/p>\n<h3>Autonom\u00eda<\/h3>\n<p>Cerrar la puerta puede simbolizar la necesidad de independencia, un deseo de que los dem\u00e1s respeten sus decisiones, tiempos y espacios.<\/p>\n<h3>Sensibilidad<\/h3>\n<p>Muchos individuos sensibles a est\u00edmulos (ruidos, interrupciones) necesitan una barrera f\u00edsica que les ayude a regular su entorno emocional.<\/p>\n<h3>Privacidad<\/h3>\n<p>El hecho de dormir con la puerta cerrada indica la necesidad de un espacio personal y la autonom\u00eda para decidir sobre ese espacio.<\/p>\n<h3>Control<\/h3>\n<p>Algunas personas necesitan controlar su entorno para sentirse seguras y reducir la sensaci\u00f3n de imprevisibilidad.<\/p>\n<h3>Necesidad de aislamiento<\/h3>\n<p>Cerrar la puerta puede ser una forma de desconectar del mundo exterior y concentrarse en el descanso y no quieren que nada ni nadie les perturbe durante la noche y la hora de descansar.<\/p>\n<h3>H\u00e1bitos<\/h3>\n<p>Para algunas personas, cerrar la puerta al dormir es una costumbre aprendida desde la infancia.<\/p>\n<h3>Necesidades fisiol\u00f3gicas<\/h3>\n<p>Cerrar la puerta puede ayudar a mantener la temperatura adecuada y reducir el ruido, creando un ambiente m\u00e1s propicio para el sue\u00f1o.<\/p>\n<h3>Ansiedad o estr\u00e9s<\/h3>\n<p>Cuando el entorno genera angustia, una puerta cerrada ayuda a crear una sensaci\u00f3n de refugio emocional o de desconexi\u00f3n del mundo exterior.<\/p>\n<h3>\u00bfHay alguna base cient\u00edfica para el miedo a dormir con la puerta abierta?<\/h3>\n<p>Seg\u00fan el Colegio de Psic\u00f3logos, realmente no existen estudios cient\u00edficos espec\u00edficos que investiguen el miedo o la incomodidad de dormir con la puerta abierta y preferir hacerlo con la puerta cerrada. Sin embargo, \u201cpodemos analizar algunos conceptos psicol\u00f3gicos que podr\u00edan estar relacionados con esta sensaci\u00f3n\u201d.<\/p>\n<p>En general, estos expertos nombran que tiene que ver con el espacio personal, que se refiere a la distancia f\u00edsica que una<strong> persona necesita mantener entre s\u00ed misma<\/strong> y los dem\u00e1s para sentirse c\u00f3moda. Para muchos, la necesidad de dormir con la puerta cerrada se percibe como no invadir su espacio personal, lo que genera ansiedad o incomodidad.<\/p>\n<p>Los psic\u00f3logos tambi\u00e9n hablan del sentido de control. Cerrar la puerta al dormir puede dar a algunas personas una sensaci\u00f3n de control sobre su entorno y les ayuda a sentirse m\u00e1s seguras. Por el contrario, dejar la puerta abierta puede generar una sensaci\u00f3n de p\u00e9rdida de control, lo que puede aumentar la ansiedad o el miedo.<\/p>\n<h3>Cuando ir al m\u00e9dico por dejar siempre la puerta cerrada<\/h3>\n<p>Aunque suele ser un tema de costumbre, hacerlo sin que resulte algo inc\u00f3modo no requiere de urgencia, pero si esto condiciona nuestra vida y no podemos estar sin dormir sin cerrar la puerta no solo en casa si no en cualquier otro lugar, quiz\u00e1s haya un problema que tratar.<\/p>\n<p>Es en estos casos cuando es necesario entonces comentar o explicarlo a un profesional para evaluar si esto <strong>genera estr\u00e9s, ansiedad<\/strong> o bien puede estar relacionado\u00a0 con el TOC.<\/p>\n<p><strong>Eval\u00faa tu ansiedad<\/strong><\/p>\n<p>Si sientes que no puedes estar tranquilo con la puerta abierta, podr\u00edas estar experimentando s\u00edntomas de ansiedad. En estos casos, la ayuda psicol\u00f3gica puede ser muy \u00fatil.<\/p>\n<p><strong>Establecer l\u00edmites<\/strong><\/p>\n<p>Seg\u00fan los expertos, puedes mantener tu espacio personal sin necesidad de cerrar completamente la Puerta siempre. Por ejemplo, establecer horarios o acuerdos puede reducir la necesidad constante de aislamiento.<\/p>\n<p><strong>Cuida el equilibrio<\/strong><\/p>\n<p>Tener un espacio privado es importante, pero tambi\u00e9n lo es mantener la conexi\u00f3n con el entorno. Trata de encontrar un equilibrio entre tu necesidad de intimidad y la interacci\u00f3n con los dem\u00e1s.<\/p>\n<p>&nbsp;<\/p>\n","protected":false},"excerpt":{"rendered":"<p>Contamos con diversos h\u00e1bitos diarios que nos posicionan seg\u00fan la personalidad. Algunos actos van m\u00e1s all\u00e1 y quieren decir muchas cosas, como el hecho de que alguien cierre la puerta para dormir. Por seguridad, costumbre, por no ver ninguna luz o miedo, son muchos los significados de este hecho que , seg\u00fan la psicolog\u00eda, depende [&hellip;]<\/p>\n","protected":false},"author":4,"featured_media":12756261,"comment_status":"closed","ping_status":"closed","sticky":false,"template":"","format":"standard","meta":{"inline_featured_image":false,"jnews-multi-image_gallery":[],"jnews_single_post":{"format":"standard","override":[{"template":"10","single_blog_custom":"0","layout":"no-sidebar-narrow","sidebar":"single-sidebar","second_sidebar":"single-sidebar","sticky_sidebar":"1","share_position":"bottom","share_float_style":"share-monocrhome","show_featured":"1","show_post_meta":"1","show_post_author":"1","show_post_author_image":"1","show_post_date":"1","post_date_format":"custom","post_date_format_custom":"d\/m\/Y","show_post_category":"1","post_reading_time_wpm":"300","post_calculate_word_method":"str_word_count","zoom_button_out_step":"2","zoom_button_in_step":"3","show_post_tag":"1","number_popup_post":"1","show_author_box":"1","show_post_related":"1","show_inline_post_related":"1"}],"image_override":[{"single_post_thumbnail_size":"no-crop","single_post_gallery_size":"crop-715"}],"trending_post_position":"meta","trending_post_label":"Trending","sponsored_post_label":"Sponsored by","disable_ad":"0","subtitle":"Psicolog\u00eda"},"jnews_primary_category":[],"jnews_social_meta":[],"jnews_review":[],"enable_review":"","type":"percentage","name":"","summary":"","brand":"","sku":"","good":[],"bad":[],"score_override":"","override_value":"","rating":[],"price":[],"jnews_override_counter":{"view_counter_number":"0","share_counter_number":"0","like_counter_number":"0","dislike_counter_number":"0"},"jnews_post_split":{"post_split":[{"template":"1","tag":"h2","numbering":"asc","mode":"normal","first":"0","enable_toc":"0","toc_type":"normal"}]},"footnotes":""},"categories":[27,29],"tags":[1565],"class_list":["post-12763959","post","type-post","status-publish","format-standard","has-post-thumbnail","hentry","category-psicologia","category-autoayuda","tag-tendencias"],"amp_enabled":true,"_links":{"self":[{"href":"https:\/\/okdiario.com\/metabolic\/wp-json\/wp\/v2\/posts\/12763959","targetHints":{"allow":["GET"]}}],"collection":[{"href":"https:\/\/okdiario.com\/metabolic\/wp-json\/wp\/v2\/posts"}],"about":[{"href":"https:\/\/okdiario.com\/metabolic\/wp-json\/wp\/v2\/types\/post"}],"author":[{"embeddable":true,"href":"https:\/\/okdiario.com\/metabolic\/wp-json\/wp\/v2\/users\/4"}],"replies":[{"embeddable":true,"href":"https:\/\/okdiario.com\/metabolic\/wp-json\/wp\/v2\/comments?post=12763959"}],"version-history":[{"count":2,"href":"https:\/\/okdiario.com\/metabolic\/wp-json\/wp\/v2\/posts\/12763959\/revisions"}],"predecessor-version":[{"id":12763965,"href":"https:\/\/okdiario.com\/metabolic\/wp-json\/wp\/v2\/posts\/12763959\/revisions\/12763965"}],"wp:featuredmedia":[{"embeddable":true,"href":"https:\/\/okdiario.com\/metabolic\/wp-json\/wp\/v2\/media\/12756261"}],"wp:attachment":[{"href":"https:\/\/okdiario.com\/metabolic\/wp-json\/wp\/v2\/media?parent=12763959"}],"wp:term":[{"taxonomy":"category","embeddable":true,"href":"https:\/\/okdiario.com\/metabolic\/wp-json\/wp\/v2\/categories?post=12763959"},{"taxonomy":"post_tag","embeddable":true,"href":"https:\/\/okdiario.com\/metabolic\/wp-json\/wp\/v2\/tags?post=12763959"}],"curies":[{"name":"wp","href":"https:\/\/api.w.org\/{rel}","templated":true}]}}