{"id":12762489,"date":"2025-06-15T17:00:08","date_gmt":"2025-06-15T15:00:08","guid":{"rendered":"https:\/\/okdiario.com\/metabolic\/?p=12762489"},"modified":"2025-06-10T17:11:49","modified_gmt":"2025-06-10T15:11:49","slug":"soy-pediatra-de-harvard-y-esta-es-la-comida-que-los-padres-no-le-estan-dando-lo-suficiente-a-sus-hijos","status":"publish","type":"post","link":"https:\/\/okdiario.com\/metabolic\/dietetica\/alimentos\/soy-pediatra-de-harvard-y-esta-es-la-comida-que-los-padres-no-le-estan-dando-lo-suficiente-a-sus-hijos-12762489\/","title":{"rendered":"Soy pediatra de Harvard y esta es la comida que los padres no le est\u00e1n dando lo suficiente a sus hijos"},"content":{"rendered":"<p>En la consulta pedi\u00e1trica, uno de los temas m\u00e1s recurrentes entre las familias es la <strong>alimentaci\u00f3n<\/strong>. Las preguntas giran en torno a qu\u00e9 comida ofrecer, c\u00f3mo hacerlo apetecible y c\u00f3mo evitar carencias sin recurrir a ultraprocesados. La <a href=\"https:\/\/okdiario.com\/bebes\/importancia-1-000-primeros-dias-alimentacion-infantil-segun-pediatra-14229902\"><strong>alimentaci\u00f3n saludable durante la infancia<\/strong><\/a> no s\u00f3lo impacta en el presente, sino que sienta las bases de la salud en la vida adulta. Una nutrici\u00f3n equilibrada desde los primeros a\u00f1os ayuda a prevenir afecciones de largo recorrido como la diabetes tipo 2 o las enfermedades cardiovasculares.<\/p>\n<p>El discurso nutricional habitual ya incluye conceptos como el de \u2018comer el arco\u00edris\u2019, es decir, ofrecer una variedad crom\u00e1tica de frutas y verduras, cada una con sus propios beneficios. Tambi\u00e9n se han popularizado alimentos como <a href=\"https:\/\/okdiario.com\/metabolic\/dietetica\/funcionales\/arandanos-354\/\">los ar\u00e1ndanos<\/a>, las espinacas o <a href=\"https:\/\/okdiario.com\/metabolic\/dietetica\/alimentos\/aguacate-317\/\">el aguacate<\/a>. Pero en medio de estas tendencias, <strong>hay una comida que los padres no le est\u00e1n dando lo suficiente a sus hijos<\/strong>, pese a ser asequible, nutritiva y f\u00e1cil de preparar.<\/p>\n<h2>\u00bfCu\u00e1l es la comida que los padres no le est\u00e1n dando de manera suficiente a sus hijos?<\/h2>\n<p>Las <a href=\"https:\/\/okdiario.com\/recetas\/alubias-rojas-receta-vasca-tradicional-13060628\"><strong>alubias<\/strong><\/a>, en todas sus variedades, son una <strong>fuente rica de prote\u00edna vegetal.<\/strong> Esta prote\u00edna es esencial para el crecimiento, la reparaci\u00f3n de tejidos y la generaci\u00f3n de energ\u00eda. Algunas variedades incluso contienen todos los <a href=\"https:\/\/okdiario.com\/metabolic\/deporte\/suplementos\/bcaa-12729230\/\">amino\u00e1cidos<\/a> esenciales, un rasgo poco com\u00fan en los vegetales.<\/p>\n<p data-start=\"1430\" data-end=\"1904\">As\u00ed lo sostiene la<a href=\"https:\/\/www.cnbc.com\/amp\/2025\/05\/20\/harvard-pediatrician-the-overlooked-superfood-more-parents-need-to-feed-kids.html\" target=\"_blank\" rel=\"noopener\"> Dra. Kelly Fradin en un art\u00edculo para la CNBC<\/a>, pediatra formada en Harvard y presidenta del \u00e1rea de Pediatr\u00eda del Atria Health and Research Institute. Adem\u00e1s de su labor m\u00e9dica, es madre de dos hijos y autora del libro <em data-start=\"1642\" data-end=\"1749\">&#8216;Advanced Parenting: Advice for Helping Kids through Diagnoses, Differences and Mental Health Challenges&#8217;<\/em>.<\/p>\n<p data-start=\"1430\" data-end=\"1904\">La Dra. Fradin se\u00f1ala que adem\u00e1s de prote\u00ednas, <strong>las alubias son ricas en fibra soluble e insoluble<\/strong>, ambas fundamentales para la salud digestiva:<\/p>\n<ul>\n<li><strong>Fibra insoluble:<\/strong> favorece el tr\u00e1nsito intestinal y previene el estre\u00f1imiento.<\/li>\n<li><strong>Fibra soluble:<\/strong> genera sensaci\u00f3n de saciedad, ayuda a estabilizar los niveles de <a href=\"https:\/\/okdiario.com\/metabolic\/salud\/compuestos-quimicos\/glucosa-12729186\/\">glucosa<\/a> y reduce el <a href=\"https:\/\/okdiario.com\/metabolic\/salud\/enfermedades\/colesterol-alto-12727967\/\">colesterol<\/a> LDL.<\/li>\n<\/ul>\n<p>Esta combinaci\u00f3n de fibras no s\u00f3lo mejora la digesti\u00f3n, sino que contribuye a mantener un buen equilibrio metab\u00f3lico en la infancia.<\/p>\n<p>Por otra parte, en un contexto en el que muchas familias priorizan la econom\u00eda dom\u00e9stica, las alubias tienen una ventaja clara: <strong>son econ\u00f3micas y duraderas<\/strong>. Se pueden comprar secas o en conserva, se almacenan durante largos periodos sin perder propiedades y no requieren refrigeraci\u00f3n previa.<\/p>\n<p>Desde el punto de vista ambiental, las alubias tambi\u00e9n tienen un impacto positivo. Requieren menos recursos que <a href=\"https:\/\/okdiario.com\/metabolic\/deporte\/suplementos\/proteinas-572\/\">las prote\u00ednas<\/a> animales para su producci\u00f3n y generan menos emisiones. Esto las convierte en una opci\u00f3n m\u00e1s sostenible, sin sacrificar el valor nutricional.<\/p>\n<h2>Vitaminas y minerales claves de las alubias para el desarrollo infantil<\/h2>\n<p>Otro motivo por el que las alubias deber\u00edan tener mayor presencia en la dieta infantil es su <strong>densidad nutricional<\/strong>. Son ricas en micronutrientes que tienen un impacto directo en el desarrollo f\u00edsico e intelectual:<\/p>\n<ul>\n<li><strong><a href=\"https:\/\/okdiario.com\/metabolic\/dietetica\/vitaminas\/acido-folico-12728202\/\">\u00c1cido f\u00f3lico<\/a> (vitamina B9):<\/strong> esencial para la divisi\u00f3n celular y el desarrollo cerebral.<\/li>\n<li><strong>Hierro:<\/strong> necesario para el transporte de ox\u00edgeno en la sangre.<\/li>\n<li><strong><a href=\"https:\/\/okdiario.com\/metabolic\/dietetica\/vitaminas\/magnesio-1112\/\">Magnesio<\/a>:<\/strong> favorece el funcionamiento del sistema nervioso y muscular.<\/li>\n<li><strong>Vitaminas del grupo B:<\/strong> apoyan la producci\u00f3n de energ\u00eda y las funciones cognitivas.<\/li>\n<\/ul>\n<p>En el caso espec\u00edfico de la soja, se a\u00f1ade un valor a\u00f1adido: contiene grasas saludables, incluyendo omega-3 y omega-6, que son importantes para la salud cardiovascular y cerebral.<\/p>\n<h2>\u00bfC\u00f3mo puedo meter las alubias en la comida de mis hijos?<\/h2>\n<p>Una de las barreras m\u00e1s comunes a la hora de introducir nuevos alimentos es el rechazo por parte de los m\u00e1s peque\u00f1os. En este caso, las alubias ofrecen una ventaja adicional:<strong> su sabor neutro y su textura permiten integrarlas f\u00e1cilmente en preparaciones variadas.<\/strong><\/p>\n<p>Algunas ideas pr\u00e1cticas para incorporarlas en la dieta infantil:<\/p>\n<ul>\n<li>Quesadillas con alubias negras.<\/li>\n<li>Pur\u00e9 de lentejas con verduras.<\/li>\n<li>Hamburguesas vegetales caseras con alubias rojas.<\/li>\n<li>Brownies con base de alubias negras.<\/li>\n<\/ul>\n<p>Estas opciones permiten que incluso los ni\u00f1os m\u00e1s selectivos puedan consumirlas sin dificultad. Tambi\u00e9n se pueden introducir en platos familiares como guisos o sopas, donde se integran con otros ingredientes sin protagonismo excesivo.<\/p>\n<p>Pese a todas estas ventajas, la Dra. Fradin asegura que las alubias siguen siendo una comida que los padres no le est\u00e1n dando lo suficiente a sus hijos. Ya sea por desconocimiento, por h\u00e1bitos adquiridos o por falta de costumbre, <strong>su presencia en los men\u00fas escolares y en los hogares sigue siendo limitada.<\/strong><\/p>\n<p>A diferencia de otros alimentos m\u00e1s populares o de moda, las alubias no tienen campa\u00f1as de marketing detr\u00e1s. Sin embargo, su valor nutricional es equiparable (e incluso superior) al de muchos productos m\u00e1s costosos o dif\u00edciles de conseguir.<\/p>\n<p>Aumentar su presencia en la alimentaci\u00f3n infantil no requiere un cambio radical, sino<strong> una incorporaci\u00f3n progresiva y planificada<\/strong>. Su bajo coste, su perfil nutricional y su versatilidad las convierten en una opci\u00f3n funcional para cualquier familia.<\/p>\n","protected":false},"excerpt":{"rendered":"<p>En la consulta pedi\u00e1trica, uno de los temas m\u00e1s recurrentes entre las familias es la alimentaci\u00f3n. Las preguntas giran en torno a qu\u00e9 comida ofrecer, c\u00f3mo hacerlo apetecible y c\u00f3mo evitar carencias sin recurrir a ultraprocesados. La alimentaci\u00f3n saludable durante la infancia no s\u00f3lo impacta en el presente, sino que sienta las bases de la [&hellip;]<\/p>\n","protected":false},"author":42,"featured_media":12762491,"comment_status":"closed","ping_status":"closed","sticky":false,"template":"","format":"standard","meta":{"inline_featured_image":false,"jnews-multi-image_gallery":[],"jnews_single_post":{"format":"standard","override":[{"template":"10","single_blog_custom":"0","layout":"no-sidebar-narrow","sidebar":"single-sidebar","second_sidebar":"single-sidebar","sticky_sidebar":"1","share_position":"bottom","share_float_style":"share-monocrhome","show_featured":"1","show_post_meta":"1","show_post_author":"1","show_post_author_image":"1","show_post_date":"1","post_date_format":"custom","post_date_format_custom":"d\/m\/Y","show_post_category":"1","post_reading_time_wpm":"300","post_calculate_word_method":"str_word_count","zoom_button_out_step":"2","zoom_button_in_step":"3","show_post_tag":"1","number_popup_post":"1","show_author_box":"1","show_post_related":"1","show_inline_post_related":"1"}],"image_override":[{"single_post_thumbnail_size":"no-crop","single_post_gallery_size":"crop-715"}],"trending_post_position":"meta","trending_post_label":"Trending","sponsored_post_label":"Sponsored by","disable_ad":"0","subtitle":"\u00bfQu\u00e9 papel puede jugar esta comida infravalorada en la rutina alimentaria infantil?"},"jnews_primary_category":[],"jnews_social_meta":[],"jnews_review":[],"enable_review":"","type":"percentage","name":"","summary":"","brand":"","sku":"","good":[],"bad":[],"score_override":"","override_value":"","rating":[],"price":[],"jnews_override_counter":{"view_counter_number":"0","share_counter_number":"0","like_counter_number":"0","dislike_counter_number":"0"},"jnews_post_split":{"post_split":[{"template":"1","tag":"h2","numbering":"asc","mode":"normal","first":"0","enable_toc":"0","toc_type":"normal"}]},"footnotes":""},"categories":[18,17],"tags":[],"class_list":["post-12762489","post","type-post","status-publish","format-standard","has-post-thumbnail","hentry","category-alimentos","category-dietetica"],"amp_enabled":true,"_links":{"self":[{"href":"https:\/\/okdiario.com\/metabolic\/wp-json\/wp\/v2\/posts\/12762489","targetHints":{"allow":["GET"]}}],"collection":[{"href":"https:\/\/okdiario.com\/metabolic\/wp-json\/wp\/v2\/posts"}],"about":[{"href":"https:\/\/okdiario.com\/metabolic\/wp-json\/wp\/v2\/types\/post"}],"author":[{"embeddable":true,"href":"https:\/\/okdiario.com\/metabolic\/wp-json\/wp\/v2\/users\/42"}],"replies":[{"embeddable":true,"href":"https:\/\/okdiario.com\/metabolic\/wp-json\/wp\/v2\/comments?post=12762489"}],"version-history":[{"count":2,"href":"https:\/\/okdiario.com\/metabolic\/wp-json\/wp\/v2\/posts\/12762489\/revisions"}],"predecessor-version":[{"id":12762495,"href":"https:\/\/okdiario.com\/metabolic\/wp-json\/wp\/v2\/posts\/12762489\/revisions\/12762495"}],"wp:featuredmedia":[{"embeddable":true,"href":"https:\/\/okdiario.com\/metabolic\/wp-json\/wp\/v2\/media\/12762491"}],"wp:attachment":[{"href":"https:\/\/okdiario.com\/metabolic\/wp-json\/wp\/v2\/media?parent=12762489"}],"wp:term":[{"taxonomy":"category","embeddable":true,"href":"https:\/\/okdiario.com\/metabolic\/wp-json\/wp\/v2\/categories?post=12762489"},{"taxonomy":"post_tag","embeddable":true,"href":"https:\/\/okdiario.com\/metabolic\/wp-json\/wp\/v2\/tags?post=12762489"}],"curies":[{"name":"wp","href":"https:\/\/api.w.org\/{rel}","templated":true}]}}