{"id":12761840,"date":"2025-05-29T09:27:07","date_gmt":"2025-05-29T07:27:07","guid":{"rendered":"https:\/\/okdiario.com\/metabolic\/?p=12761840"},"modified":"2025-05-29T09:27:07","modified_gmt":"2025-05-29T07:27:07","slug":"que-significa-tener-el-impulso-de-hacerse-un-corte-de-pelo-distinto-segun-la-psicologia","status":"publish","type":"post","link":"https:\/\/okdiario.com\/metabolic\/psicologia\/que-significa-tener-el-impulso-de-hacerse-un-corte-de-pelo-distinto-segun-la-psicologia-12761840\/","title":{"rendered":"Qu\u00e9 significa tener el impulso de hacerse un corte de pelo distinto, seg\u00fan la psicolog\u00eda"},"content":{"rendered":"<p><strong>Cambiar de corte de pelo<\/strong> no es solo una decisi\u00f3n est\u00e9tica. Muchas veces, es una declaraci\u00f3n emocional. El cabello forma parte de nuestro lenguaje corporal y tiene un impacto directo en c\u00f3mo nos percibimos y c\u00f3mo nos presentamos ante el mundo. Un nuevo look <a href=\"https:\/\/okdiario.com\/metabolic\/psicologia\/miscelanea\/que-significa-tener-la-autoestima-muy-baja-segun-la-psicologia-12746909\/\"><strong>puede aumentar la autoestima<\/strong><\/a>, cerrar ciclos o reflejar estados emocionales. Cortarse el pelo puede ser una forma de tomar el control, un acto de empoderamiento, o simplemente una manera de experimentar con la propia identidad.<\/p>\n<p>La Dra.\u00a0Ilda Rodr\u00edguez Atanes, doctora especialista del cabello del <a href=\"https:\/\/www.svenson.es\/blog\/la-importancia-social-del-pelo-dime-como-llevas-tu-pelo-y-te-dire-quien-eres\/\" target=\"_blank\" rel=\"noopener\">Centro Svenson<\/a>, afirma que \u00abla forma en que cada uno presenta su cabello habla del individuo en s\u00ed, de c\u00f3mo se siente, de su identidad\u00bb. Desde la psicolog\u00eda, este acto puede interpretarse como un s\u00edmbolo de transformaci\u00f3n, una manera tangible de marcar un cambio interno. Esto var\u00eda seg\u00fan la personalidad y el momento vital. Personas extrovertidas tienden a elegir estilos audaces o colores llamativos como una forma de expresi\u00f3n, mientras que los perfiles m\u00e1s introspectivos pueden optar por cortes m\u00e1s discretos, buscando armon\u00eda y orden. <strong>Cambiar el look<\/strong> puede reflejar deseos inconscientes de renovaci\u00f3n, liberaci\u00f3n emocional o adaptaci\u00f3n a nuevas etapas. Escuchar a un estilista de confianza, considerar c\u00f3mo se sentir\u00e1n con ese look a diario, y no actuar solo por impulso, puede ayudar a que el cambio sea realmente positivo y duradero.<\/p>\n<h2>El cambio de corte de pelo como lenguaje corporal y emocional<\/h2>\n<p>El lenguaje corporal no solo est\u00e1 compuesto por gestos, posturas y expresiones faciales. El cabello, con su forma, textura, color y corte, tambi\u00e9n comunica. Un cambio radical puede ser una se\u00f1al de liberaci\u00f3n emocional, como cuando alguien se corta el pelo despu\u00e9s de una ruptura amorosa, una p\u00e9rdida o un cambio importante.<\/p>\n<p>Desde la psicolog\u00eda, el cambio de imagen est\u00e1 vinculado con la b\u00fasqueda de control, renovaci\u00f3n o reinvenci\u00f3n personal. Es una manera de sentir que se empieza de nuevo, de reflejar por fuera lo que se siente por dentro. Tambi\u00e9n puede ser un intento de sentirse m\u00e1s atractivo o acorde con una versi\u00f3n ideal de uno mismo.<\/p>\n<p><img fetchpriority=\"high\" decoding=\"async\" class=\"alignnone size-full wp-image-12761843\" src=\"https:\/\/okdiario.com\/metabolic\/wp-content\/uploads\/2025\/05\/cortar-pelo.jpg\" alt=\"\" width=\"1920\" height=\"1280\" srcset=\"https:\/\/okdiario.com\/metabolic\/wp-content\/uploads\/2025\/05\/cortar-pelo.jpg 1920w, https:\/\/okdiario.com\/metabolic\/wp-content\/uploads\/2025\/05\/cortar-pelo-300x200.jpg 300w, https:\/\/okdiario.com\/metabolic\/wp-content\/uploads\/2025\/05\/cortar-pelo-1800x1200.jpg 1800w, https:\/\/okdiario.com\/metabolic\/wp-content\/uploads\/2025\/05\/cortar-pelo-150x100.jpg 150w, https:\/\/okdiario.com\/metabolic\/wp-content\/uploads\/2025\/05\/cortar-pelo-768x512.jpg 768w, https:\/\/okdiario.com\/metabolic\/wp-content\/uploads\/2025\/05\/cortar-pelo-1536x1024.jpg 1536w, https:\/\/okdiario.com\/metabolic\/wp-content\/uploads\/2025\/05\/cortar-pelo-750x500.jpg 750w, https:\/\/okdiario.com\/metabolic\/wp-content\/uploads\/2025\/05\/cortar-pelo-1140x760.jpg 1140w\" sizes=\"(max-width: 1920px) 100vw, 1920px\" \/><\/p>\n<h3>Diferentes significados psicol\u00f3gicos de un cambio de look<\/h3>\n<p>Cortarse el pelo no es superficial: tiene un profundo valor simb\u00f3lico. \u00bfCu\u00e1les ser\u00edan los diversos significados psicol\u00f3gicos del cambio de corte de pelo?<\/p>\n<h4>Liberaci\u00f3n emocional<\/h4>\n<p>Cambiar el look tambi\u00e9n puede funcionar como una catarsis emocional. Muchas veces no es necesario racionalizarlo demasiado: simplemente se siente la necesidad de aligerar, dejar ir.<\/p>\n<p>De alguna manera, es como si el pelo absorbiera parte de las emociones vividas, y al desprenderse de \u00e9l, se dejara espacio para nuevas experiencias.<\/p>\n<h4>Renovaci\u00f3n personal<\/h4>\n<p>Uno de los motivos m\u00e1s frecuentes para cambiar de look es la necesidad de renovarse. Esto puede estar vinculado al inicio de una nueva etapa: un nuevo trabajo, una mudanza, el inicio o cierre de una relaci\u00f3n, o incluso despu\u00e9s de un periodo de crisis. Es una forma de sentir que se empieza de cero, con una energ\u00eda distinta.<\/p>\n<h4>Empoderamiento<\/h4>\n<p>En muchas personas un corte de pelo dr\u00e1stico puede surgir despu\u00e9s de relaciones t\u00f3xicas, momentos de abuso emocional o situaciones donde se ha perdido el control. De esta forma, cortar el pelo se convierte en un acto consciente de autonom\u00eda.<\/p>\n<h4>Rebeld\u00eda o inconformismo<\/h4>\n<p>Algunas personas eligen cortes o estilos radicales como una forma de romper con las expectativas o normas sociales. Desde colores intensos hasta rapados asim\u00e9tricos. En adolescentes, por ejemplo, este tipo de cortes puede ser parte del desarrollo de la identidad.<\/p>\n<h4>Adaptaci\u00f3n social<\/h4>\n<p>En algunos casos, los cambios de look se realizan para encajar, gustar o adaptarse a un nuevo entorno: una entrevista laboral, una mudanza a otra ciudad o pa\u00eds, o simplemente para coincidir con un grupo social determinado.<\/p>\n<p>Si bien puede tratarse de una estrategia de integraci\u00f3n v\u00e1lida, tambi\u00e9n es importante que el cambio no sea perder autenticidad ni nuestra propia personalidad.<\/p>\n<h3>Tipos de cortes de pelo, seg\u00fan la personalidad<\/h3>\n<p>Cada persona proyecta su car\u00e1cter a trav\u00e9s de su estilo. Aqu\u00ed algunos ejemplos:<\/p>\n<ul>\n<li>Melena cl\u00e1sica y ordenada: la llevan personas estructuradas, elegantes, que valoran la armon\u00eda y el control.<\/li>\n<li>Rapado: en este caso, se trata de personalidades seguras, valientes, disruptivas o en b\u00fasqueda de liberaci\u00f3n.<\/li>\n<li>Corte recto o desmechado: todos aquellos m\u00e1s vers\u00e1tiles, pr\u00e1cticos, modernos y con buena autoestima.<\/li>\n<li>Rizos naturales y voluminosos: se trata de personas aut\u00e9nticas, libres y expresivas.<\/li>\n<li>Cabello largo y suelto: son personalidades rom\u00e1nticas, so\u00f1adoras o que disfrutan de cuidar su imagen.<\/li>\n<li>Colores fantas\u00eda o cortes extremos: almas creativas, art\u00edsticas, inconformistas o con deseo de llamar la atenci\u00f3n.<\/li>\n<\/ul>\n<h3>Cuidados y recomendaciones para cambiar de look<\/h3>\n<p>Un nuevo corte de pelo requiere ciertos cuidados, tanto f\u00edsicos como emocionales, y para esto hay que tener en cuenta:<\/p>\n<p><strong>No actuar por impulso<\/strong><\/p>\n<p>Aunque muchas veces el cambio se da en un momento de crisis, es importante reflexionar para hacer un cambio dr\u00e1stico y luego arrepentirnos.<\/p>\n<p><img decoding=\"async\" class=\"alignnone size-full wp-image-12761846\" src=\"https:\/\/okdiario.com\/metabolic\/wp-content\/uploads\/2025\/05\/corte-bob2.jpg\" alt=\"\" width=\"1007\" height=\"662\" srcset=\"https:\/\/okdiario.com\/metabolic\/wp-content\/uploads\/2025\/05\/corte-bob2.jpg 1007w, https:\/\/okdiario.com\/metabolic\/wp-content\/uploads\/2025\/05\/corte-bob2-300x197.jpg 300w, https:\/\/okdiario.com\/metabolic\/wp-content\/uploads\/2025\/05\/corte-bob2-150x99.jpg 150w, https:\/\/okdiario.com\/metabolic\/wp-content\/uploads\/2025\/05\/corte-bob2-768x505.jpg 768w, https:\/\/okdiario.com\/metabolic\/wp-content\/uploads\/2025\/05\/corte-bob2-750x493.jpg 750w\" sizes=\"(max-width: 1007px) 100vw, 1007px\" \/><\/p>\n<p><strong>Consultar con un profesional<\/strong><\/p>\n<p>Un buen estilista sabr\u00e1 interpretar tus emociones y asesorarte sobre qu\u00e9 estilo te conviene seg\u00fan tu rostro, estilo de vida y deseos.<\/p>\n<p><strong>Cuidar el cabello tras realizarse un corte<\/strong><\/p>\n<p>Algunos estilos requieren m\u00e1s mantenimiento. Usa productos adecuados, hidrata y protege del calor o qu\u00edmicos.<\/p>\n<p><strong>Aceptar el nuevo look<\/strong><\/p>\n<p>A veces el resultado no es lo esperado inmediatamente, pero hemos querido hacer un cambio. Dar tiempo para acostumbrarse al nuevo look es parte del proceso.<\/p>\n<p><strong>Conectar el cambio externo con el interno<\/strong><\/p>\n<p>Aprovecha el impulso para trabajar la autoestima, generar h\u00e1bitos nuevos o cerrar ciclos emocionales.<\/p>\n<h3>Consejos para elegir tu pr\u00f3ximo corte de pelo<\/h3>\n<p><strong>Piensa en qui\u00e9n eres hoy y en qui\u00e9n quieres ser<\/strong><\/p>\n<p>Elige un estilo que te represente o que te inspire hacia tu pr\u00f3xima versi\u00f3n.<\/p>\n<p><strong>Considera tu rutina diaria<\/strong><\/p>\n<p>Mejor escoger algo pr\u00e1ctico si no quieres complicaciones.<\/p>\n<p><strong>\u00a0<\/strong><strong>Utiliza referencias visuales<\/strong><\/p>\n<p>Llevar fotos al sal\u00f3n puede ayudar al estilista a comprender mejor tus expectativas.<\/p>\n<p><strong>Prueba aplicaciones de simulaci\u00f3n de cortes<\/strong><\/p>\n<p>Utiliza las herramientas tecnol\u00f3gicas que te permiten ver c\u00f3mo te quedar\u00eda un estilo antes de hacerlo.<\/p>\n<p><strong>Consulta sobre el mantenimiento<\/strong><\/p>\n<p>Algunos cortes requieren m\u00e1s o menos retoques cada ciertas semanas, mientras que otros son m\u00e1s duraderos.<\/p>\n<p>&nbsp;<\/p>\n<p>&nbsp;<\/p>\n","protected":false},"excerpt":{"rendered":"<p>Cambiar de corte de pelo no es solo una decisi\u00f3n est\u00e9tica. Muchas veces, es una declaraci\u00f3n emocional. El cabello forma parte de nuestro lenguaje corporal y tiene un impacto directo en c\u00f3mo nos percibimos y c\u00f3mo nos presentamos ante el mundo. Un nuevo look puede aumentar la autoestima, cerrar ciclos o reflejar estados emocionales. Cortarse [&hellip;]<\/p>\n","protected":false},"author":4,"featured_media":12747827,"comment_status":"closed","ping_status":"closed","sticky":false,"template":"","format":"standard","meta":{"inline_featured_image":false,"jnews-multi-image_gallery":[],"jnews_single_post":{"format":"standard","override":[{"template":"10","single_blog_custom":"0","layout":"no-sidebar-narrow","sidebar":"single-sidebar","second_sidebar":"single-sidebar","sticky_sidebar":"1","share_position":"bottom","share_float_style":"share-monocrhome","show_featured":"1","show_post_meta":"1","show_post_author":"1","show_post_author_image":"1","show_post_date":"1","post_date_format":"custom","post_date_format_custom":"d\/m\/Y","show_post_category":"1","post_reading_time_wpm":"300","post_calculate_word_method":"str_word_count","zoom_button_out_step":"2","zoom_button_in_step":"3","show_post_tag":"1","number_popup_post":"1","show_author_box":"1","show_post_related":"1","show_inline_post_related":"1"}],"image_override":[{"single_post_thumbnail_size":"no-crop","single_post_gallery_size":"crop-715"}],"trending_post_position":"meta","trending_post_label":"Trending","sponsored_post_label":"Sponsored by","disable_ad":"0","subtitle":"Psicolog\u00eda"},"jnews_primary_category":[],"jnews_social_meta":[],"jnews_review":[],"enable_review":"","type":"percentage","name":"","summary":"","brand":"","sku":"","good":[],"bad":[],"score_override":"","override_value":"","rating":[],"price":[],"jnews_override_counter":{"view_counter_number":"0","share_counter_number":"0","like_counter_number":"0","dislike_counter_number":"0"},"jnews_post_split":{"post_split":[{"template":"1","tag":"h2","numbering":"asc","mode":"normal","first":"0","enable_toc":"0","toc_type":"normal"}]},"footnotes":""},"categories":[27,29],"tags":[1565],"class_list":["post-12761840","post","type-post","status-publish","format-standard","has-post-thumbnail","hentry","category-psicologia","category-autoayuda","tag-tendencias"],"amp_enabled":true,"_links":{"self":[{"href":"https:\/\/okdiario.com\/metabolic\/wp-json\/wp\/v2\/posts\/12761840","targetHints":{"allow":["GET"]}}],"collection":[{"href":"https:\/\/okdiario.com\/metabolic\/wp-json\/wp\/v2\/posts"}],"about":[{"href":"https:\/\/okdiario.com\/metabolic\/wp-json\/wp\/v2\/types\/post"}],"author":[{"embeddable":true,"href":"https:\/\/okdiario.com\/metabolic\/wp-json\/wp\/v2\/users\/4"}],"replies":[{"embeddable":true,"href":"https:\/\/okdiario.com\/metabolic\/wp-json\/wp\/v2\/comments?post=12761840"}],"version-history":[{"count":2,"href":"https:\/\/okdiario.com\/metabolic\/wp-json\/wp\/v2\/posts\/12761840\/revisions"}],"predecessor-version":[{"id":12761852,"href":"https:\/\/okdiario.com\/metabolic\/wp-json\/wp\/v2\/posts\/12761840\/revisions\/12761852"}],"wp:featuredmedia":[{"embeddable":true,"href":"https:\/\/okdiario.com\/metabolic\/wp-json\/wp\/v2\/media\/12747827"}],"wp:attachment":[{"href":"https:\/\/okdiario.com\/metabolic\/wp-json\/wp\/v2\/media?parent=12761840"}],"wp:term":[{"taxonomy":"category","embeddable":true,"href":"https:\/\/okdiario.com\/metabolic\/wp-json\/wp\/v2\/categories?post=12761840"},{"taxonomy":"post_tag","embeddable":true,"href":"https:\/\/okdiario.com\/metabolic\/wp-json\/wp\/v2\/tags?post=12761840"}],"curies":[{"name":"wp","href":"https:\/\/api.w.org\/{rel}","templated":true}]}}