{"id":12760827,"date":"2025-05-19T14:13:12","date_gmt":"2025-05-19T12:13:12","guid":{"rendered":"https:\/\/okdiario.com\/metabolic\/?p=12760827"},"modified":"2025-05-19T14:13:12","modified_gmt":"2025-05-19T12:13:12","slug":"ni-caminar-ni-yoga-el-ejercicio-diario-que-deben-hacer-las-personas-que-sufren-depresion-resistente","status":"publish","type":"post","link":"https:\/\/okdiario.com\/metabolic\/psicologia\/ni-caminar-ni-yoga-el-ejercicio-diario-que-deben-hacer-las-personas-que-sufren-depresion-resistente-12760827\/","title":{"rendered":"Ni caminar ni yoga: el ejercicio diario que deben hacer las personas que sufren depresi\u00f3n resistente"},"content":{"rendered":"<p>La salud mental tiene un papel central en el bienestar general. En este sentido, la <strong>depresi\u00f3n<\/strong> es uno de los trastornos mentales m\u00e1s extendidos, por lo que debemos buscar \u00a0herramientas complementarias a los tratamientos tradicionales. La depresi\u00f3n es un trastorno que no solo se manifiesta como una tristeza persistente o falta de <a href=\"https:\/\/okdiario.com\/metabolic\/psicologia\/emociones\/tipos-de-motivacion-y-que-podemos-hacer-para-aumentarla-3218\/\">motivaci\u00f3n<\/a>. Tambi\u00e9n genera alteraciones en l<strong>a funci\u00f3n cognitiva,<\/strong> el lenguaje, el comportamiento y la vida social de quien la padece. Diversas pr\u00e1cticas como el mindfulness en grupo logran fomentar una atenci\u00f3n plena y libre de juicios, que permite a las personas observar y aceptar sus pensamientos y emociones. De esta manera, se minimizan los episodios de reactividad, autocr\u00edtica excesiva y desvaloraci\u00f3n.<\/p>\n<p>El mindfulness potencia los beneficios individuales y permite generar una comunidad de apoyo para el proceso terap\u00e9utico de quienes padecen depresi\u00f3n. Seg\u00fan el <a href=\"https:\/\/campus-estudiosparalapaz.org\/wp-content\/uploads\/2021\/02\/Mindfulness_MBCT-1.pdf\" target=\"_blank\" rel=\"noopener\">C\u00edrculo de Estudios para la Paz<\/a>, el origen de este trastorno se puede encontrar en experiencias negativas tempranas que configuran patrones de pensamiento disfuncionales. Este trastorno suele ser inconsciente y se activa con problemas estresantes en la vida adulta, como fallecimientos de seres queridos, <strong>problemas laborales o conflictos interpersonales<\/strong>. La terapia cognitiva busca intervenir para ayudar a las personas a reconocer y transformar sus pensamientos. El mindfulness se integra a la teor\u00eda cognitiva de atenci\u00f3n plena (TCAP) como una herramienta para abandonar el modo \u201chacer\u201d en las personas, en donde predomina el control, la planificaci\u00f3n y la resoluci\u00f3n de problemas, para implementar el modo \u201cser\u201d, que se enfoca en la observaci\u00f3n sin juicio del momento presente.<\/p>\n<h2>El ejercicio a realizar por los que sufren depresi\u00f3n<\/h2>\n<h3>La depresi\u00f3n y sus m\u00faltiples dimensiones<\/h3>\n<p>La <a href=\"https:\/\/www.cun.es\/enfermedades-tratamientos\/enfermedades\/depresio\" target=\"_blank\" rel=\"noopener\">Cl\u00ednica Universidad de Navarra<\/a> advierte que la depresi\u00f3n se compone de m\u00faltiples dimensiones. Los s\u00edntomas emocionales abarcan desde una tristeza profunda y persistente hasta la p\u00e9rdida de inter\u00e9s en actividades placenteras.<\/p>\n<p>En el plano cognitivo, aparecen dificultades para concentrarse, tomar decisiones o recordar informaci\u00f3n. Adem\u00e1s, muchas personas experimentan s\u00edntomas f\u00edsicos como fatiga, insomnio, cefaleas o molestias digestivas.<\/p>\n<p>Estos factores interrelacionados hacen que el tratamiento de la depresi\u00f3n sea complejo y requiera un tratamiento multidisciplinar. La combinaci\u00f3n de terapia cognitiva y mindfulness en grupo puede ser una respuesta eficaz y accesible para muchas personas.<\/p>\n<h3>\u00bfQu\u00e9 es la atenci\u00f3n plena?<\/h3>\n<p>El mindfulness, o atenci\u00f3n plena, se define como una conciencia deliberada del presente que se construye con curiosidad, apertura y aceptaci\u00f3n. Seg\u00fan los <a href=\"https:\/\/pmc.ncbi.nlm.nih.gov\/articles\/PMC5679245\/\" target=\"_blank\" rel=\"noopener\">Institutos Nacionales de Salud<\/a>, la pr\u00e1ctica ayuda a las personas a desarrollar dos habilidades claves: la <strong>autorregulaci\u00f3n de la atenci\u00f3n<\/strong> y una orientaci\u00f3n abierta hacia la experiencia inmediata.<\/p>\n<p>Es habitual que las personas desarrollemos una atenci\u00f3n fragmentada, reactiva y plagada de pensamientos autocr\u00edticos. Por lo tanto, el mindfulness propone una observaci\u00f3n amable y no reactiva de nuestros estados internos.<\/p>\n<p>\u00abEsto permite reducir la identificaci\u00f3n autom\u00e1tica con pensamientos negativos, uno de los principales desencadenantes del malestar emocional en la depresi\u00f3n\u00bb, explican los especialistas del instituto.<\/p>\n<h3>Los programas y actividades del mindfulness<\/h3>\n<p>Las intervenciones basadas en mindfulness (MBI) son eficaces en reducir s\u00edntomas de ansiedad, depresi\u00f3n y estr\u00e9s. Una de las m\u00e1s conocidas es la Reducci\u00f3n del Estr\u00e9s Basada en Mindfulness (REBAP), desarrollada en los a\u00f1os 80 por Jon Kabat-Zinn.<\/p>\n<p>El profesor de medicina defini\u00f3 el mindfulness como: \u00abPrestar atenci\u00f3n de manera intencional al momento presente, sin juzgar\u00bb. La t\u00e9cnica surgi\u00f3 a partir de sus pr\u00e1cticas de zen, yoga y numerosos estudios con diversos maestros budistas.<\/p>\n<p>La <strong>REBAP<\/strong> se trata de un programa de ocho semanas de duraci\u00f3n que incluye sesiones grupales guiadas por instructores especializados. Adem\u00e1s, se realizan pr\u00e1cticas diarias en casa y un retiro de un d\u00eda de atenci\u00f3n plena.<\/p>\n<p>El componente grupal de la REBAP ense\u00f1a t\u00e9cnicas como la meditaci\u00f3n, el escaneo corporal y el yoga consciente. Tambi\u00e9n ofrece un espacio donde los participantes comparten experiencias y aprenden de otras personas. \u201cLa dimensi\u00f3n social aporta un valor a\u00f1adido, al <strong>combatir el aislamiento<\/strong> que con frecuencia acompa\u00f1a a la depresi\u00f3n\u201d, aseguran los expertos.<\/p>\n<h3>Los beneficios del mindfulness en grupo<\/h3>\n<p>La pr\u00e1ctica del mindfulness en grupo para la depresi\u00f3n tiene ventajas terap\u00e9uticas espec\u00edficas. En primer lugar, el ambiente grupal favorece la sensaci\u00f3n de pertenencia y <strong>disminuye la percepci\u00f3n de soledad<\/strong>.<\/p>\n<p>Otro beneficio es que, al escuchar las vivencias de otros participantes, conseguimos una comprensi\u00f3n m\u00e1s profunda de la propia experiencia. A su vez, los encuentros grupales promueven el compromiso con la pr\u00e1ctica porque los participantes sienten que forman parte de un proceso compartido.<\/p>\n<p>\u00abEl objetivo del mindfulness en grupo no es eliminar la tristeza o los pensamientos negativos, sino cambiar la relaci\u00f3n que se tiene con ellos. Se busca cultivar una mente que observa sin necesidad de juzgar, que se permite sentir sin escapar\u00bb, sostienen desde el C\u00edrculo de Estudios para la Paz.<\/p>\n<p>Seg\u00fan sus referentes, la aceptaci\u00f3n no consiste en una resignaci\u00f3n pasiva, sino que se trata de una forma activa de cuidado y autocompasi\u00f3n que<strong> facilita el cambio emocional y cognitivo.<\/strong><\/p>\n<p>La TCAP asegura que a trav\u00e9s de este entrenamiento es posible construir una configuraci\u00f3n alternativa del procesamiento mental, m\u00e1s consciente y menos reactiva, lo que lleva a mejoras en la autorregulaci\u00f3n emocional.<\/p>\n<p>&nbsp;<\/p>\n","protected":false},"excerpt":{"rendered":"<p>La salud mental tiene un papel central en el bienestar general. En este sentido, la depresi\u00f3n es uno de los trastornos mentales m\u00e1s extendidos, por lo que debemos buscar \u00a0herramientas complementarias a los tratamientos tradicionales. La depresi\u00f3n es un trastorno que no solo se manifiesta como una tristeza persistente o falta de motivaci\u00f3n. Tambi\u00e9n genera [&hellip;]<\/p>\n","protected":false},"author":4,"featured_media":12760847,"comment_status":"closed","ping_status":"closed","sticky":false,"template":"","format":"standard","meta":{"inline_featured_image":false,"jnews-multi-image_gallery":[],"jnews_single_post":{"format":"standard","override":[{"template":"10","single_blog_custom":"0","layout":"no-sidebar-narrow","sidebar":"single-sidebar","second_sidebar":"single-sidebar","sticky_sidebar":"1","share_position":"bottom","share_float_style":"share-monocrhome","show_featured":"1","show_post_meta":"1","show_post_author":"1","show_post_author_image":"1","show_post_date":"1","post_date_format":"custom","post_date_format_custom":"d\/m\/Y","show_post_category":"1","post_reading_time_wpm":"300","post_calculate_word_method":"str_word_count","zoom_button_out_step":"2","zoom_button_in_step":"3","show_post_tag":"1","number_popup_post":"1","show_author_box":"1","show_post_related":"1","show_inline_post_related":"1"}],"image_override":[{"single_post_thumbnail_size":"no-crop","single_post_gallery_size":"crop-715"}],"trending_post_position":"meta","trending_post_label":"Trending","sponsored_post_label":"Sponsored by","disable_ad":"0","subtitle":"Salud mental"},"jnews_primary_category":[],"jnews_social_meta":[],"jnews_review":[],"enable_review":"","type":"percentage","name":"","summary":"","brand":"","sku":"","good":[],"bad":[],"score_override":"","override_value":"","rating":[],"price":[],"jnews_override_counter":{"view_counter_number":"0","share_counter_number":"0","like_counter_number":"0","dislike_counter_number":"0"},"jnews_post_split":{"post_split":[{"template":"1","tag":"h2","numbering":"asc","mode":"normal","first":"0","enable_toc":"0","toc_type":"normal"}]},"footnotes":""},"categories":[27,29],"tags":[1565],"class_list":["post-12760827","post","type-post","status-publish","format-standard","has-post-thumbnail","hentry","category-psicologia","category-autoayuda","tag-tendencias"],"amp_enabled":true,"_links":{"self":[{"href":"https:\/\/okdiario.com\/metabolic\/wp-json\/wp\/v2\/posts\/12760827","targetHints":{"allow":["GET"]}}],"collection":[{"href":"https:\/\/okdiario.com\/metabolic\/wp-json\/wp\/v2\/posts"}],"about":[{"href":"https:\/\/okdiario.com\/metabolic\/wp-json\/wp\/v2\/types\/post"}],"author":[{"embeddable":true,"href":"https:\/\/okdiario.com\/metabolic\/wp-json\/wp\/v2\/users\/4"}],"replies":[{"embeddable":true,"href":"https:\/\/okdiario.com\/metabolic\/wp-json\/wp\/v2\/comments?post=12760827"}],"version-history":[{"count":2,"href":"https:\/\/okdiario.com\/metabolic\/wp-json\/wp\/v2\/posts\/12760827\/revisions"}],"predecessor-version":[{"id":12760850,"href":"https:\/\/okdiario.com\/metabolic\/wp-json\/wp\/v2\/posts\/12760827\/revisions\/12760850"}],"wp:featuredmedia":[{"embeddable":true,"href":"https:\/\/okdiario.com\/metabolic\/wp-json\/wp\/v2\/media\/12760847"}],"wp:attachment":[{"href":"https:\/\/okdiario.com\/metabolic\/wp-json\/wp\/v2\/media?parent=12760827"}],"wp:term":[{"taxonomy":"category","embeddable":true,"href":"https:\/\/okdiario.com\/metabolic\/wp-json\/wp\/v2\/categories?post=12760827"},{"taxonomy":"post_tag","embeddable":true,"href":"https:\/\/okdiario.com\/metabolic\/wp-json\/wp\/v2\/tags?post=12760827"}],"curies":[{"name":"wp","href":"https:\/\/api.w.org\/{rel}","templated":true}]}}