{"id":12758607,"date":"2025-04-22T15:19:51","date_gmt":"2025-04-22T13:19:51","guid":{"rendered":"https:\/\/okdiario.com\/metabolic\/?p=12758607"},"modified":"2025-04-22T13:20:08","modified_gmt":"2025-04-22T11:20:08","slug":"la-ciencia-lo-confirma-la-edad-exacta-a-la-que-tu-cuerpo-empieza-a-descomponerse","status":"publish","type":"post","link":"https:\/\/okdiario.com\/metabolic\/salud\/la-ciencia-lo-confirma-la-edad-exacta-a-la-que-tu-cuerpo-empieza-a-descomponerse-12758607\/","title":{"rendered":"La ciencia lo confirma: la edad exacta a la que tu cuerpo empieza a descomponerse"},"content":{"rendered":"<p>El paso del tiempo produce cambios inevitables en la fisionom\u00eda corporal de todas las personas. Dichas transformaciones son evidentes en <strong>aspectos fisiol\u00f3gicos y psicol\u00f3gicos<\/strong> que permiten identificar la edad en las que el <a href=\"https:\/\/okdiario.com\/metabolic\/dietetica\/dietas\/tenia-obesidad-morbida-y-ahora-esta-irreconocible-su-secreto-fue-eliminar-estos-dos-alimentos-12758547\/\">cuerpo<\/a> empieza a descomponerse. Se trata de un proceso natural en el que las macromol\u00e9culas que componen nuestro organismo pierden sus funciones a medida que las personas tienen m\u00e1s a\u00f1os.<\/p>\n<p>Seg\u00fan la <a href=\"https:\/\/med.stanford.edu\/news\/all-news\/2024\/08\/massive-biomolecular-shifts-occur-in-our-40s-and-60s--stanford-m.html\" target=\"_blank\" rel=\"noopener\">Escuela de Medicina de la Universidad Stanford<\/a>, muchas de nuestras mol\u00e9culas y microorganismos aumentan o disminuyen dr\u00e1sticamente en n\u00famero entre los 40 y los 60 a\u00f1os. El an\u00e1lisis surge a partir de que los profesionales evaluaron miles de mol\u00e9culas diferentes en personas de entre 25 y 75 a\u00f1os. Tambi\u00e9n investigaron sus microbiomas (las bacterias, virus y hongos que viven en nuestro interior y en nuestra piel), y descubrieron que la abundancia de la mayor\u00eda de las mol\u00e9culas y microbios no cambia de forma gradual y cronol\u00f3gica. \u00abSe experimentan dos per\u00edodos de r\u00e1pido cambio a lo largo de nuestra vida, con un promedio de 44 y 60 a\u00f1os\u00bb, seg\u00fan la Escuela de Medicina de la Universidad de Stanford.<\/p>\n<h2>La edad exacta a la que tu cuerpo empieza a descomponerse<\/h2>\n<p>El <strong>doctor Xiaotao Shen<\/strong>, de Stanford Medicine, explica que la cantidad de mol\u00e9culas relacionadas con las enfermedades cardiovasculares muestran cambios significativos en las personas alrededor de los 44 y 60 a\u00f1os. \u00abEn personas de 40 a\u00f1os, se observaron cambios significativos en la cantidad de mol\u00e9culas relacionadas con <a href=\"https:\/\/okdiario.com\/metabolic\/salud\/que-es-el-metabolismo-12728798\/\">el metabolismo<\/a> del alcohol, la cafe\u00edna y <a href=\"https:\/\/okdiario.com\/metabolic\/deporte\/suplementos\/lipidos-1580\/\">los l\u00edpidos<\/a>; enfermedades cardiovasculares; y piel y m\u00fasculos\u00bb.<\/p>\n<p>El profesional recomienda aumentar el ejercicio para proteger el coraz\u00f3n y mantener la masa muscular en ambas edades. Adem\u00e1s, aconseja reducir el consumo de alcohol a los 40 a\u00f1os, ya que la capacidad para metabolizarlo disminuye.<\/p>\n<p>Para el m\u00e9dico, las personas de edad de 60 a\u00f1os, vieron c\u00f3mo los cambios se relacionaron con el metabolismo <a href=\"https:\/\/okdiario.com\/metabolic\/dietetica\/carbohidratos-21\/\">de los carbohidratos<\/a> y la cafe\u00edna, la <strong>regulaci\u00f3n inmunitaria, la funci\u00f3n renal,<\/strong> las enfermedades cardiovasculares, piel y m\u00fasculos.<\/p>\n<h3>La investigaci\u00f3n cient\u00edfica sobre el envejecimiento seg\u00fan la edad<\/h3>\n<p>Seg\u00fan un <a href=\"https:\/\/www.nature.com\/articles\/s43587-024-00692-2\" target=\"_blank\" rel=\"noopener\">estudio<\/a> de la Springer Nature, existen patrones no lineales consistentes en los marcadores moleculares del envejecimiento. Hay una desregulaci\u00f3n considerable en dos per\u00edodos principales: aproximadamente a los 44 y 60 a\u00f1os, de edad cronol\u00f3gica.<\/p>\n<p>\u00abSe identificaron mol\u00e9culas y v\u00edas funcionales espec\u00edficas asociadas con estos per\u00edodos, como la regulaci\u00f3n inmunitaria y el metabolismo de carbohidratos, que cambiaron durante la transici\u00f3n de 60 a\u00f1os\u00bb, afirman miembros acad\u00e9micos.,<\/p>\n<h3>Los objetivos del estudio sobre la edad y el envejecimiento<\/h3>\n<p>Los investigadores concluyen que el <a href=\"https:\/\/okdiario.com\/metabolic\/deporte\/entrenamiento\/3-habitos-que-debes-seguir-para-mantenerte-joven-a-partir-de-los-50-12758486\/\">envejecimiento<\/a> es un proceso complejo y multifactorial de cambios fisiol\u00f3gicos fuertemente asociados con varias enfermedades humanas: enfermedades cardiovasculares (ECV), diabetes, neurodegeneraci\u00f3n y c\u00e1ncer.<\/p>\n<p>El proceso de alteraciones de mol\u00e9culas incluye el estudio de transcripciones, <a href=\"https:\/\/okdiario.com\/metabolic\/deporte\/suplementos\/proteinas-572\/\">prote\u00ednas<\/a>, metabolitos y citocinas para entender el mecanismo subyacente del envejecimiento. De esa manera, se intenta descubrir objetivos terap\u00e9uticos potenciales para enfermedades relacionadas con el paso del tiempo y el avance de la edad.<\/p>\n<h3>\u00bfCu\u00e1les son los signos del envejecimiento?<\/h3>\n<p>La <a href=\"https:\/\/www.uv.es\/uvweb\/master-fisiologia\/es\/blog\/cinco-signos-del-envejecimiento-1285952573044\/GasetaRecerca.html?id=1285953586177\" target=\"_blank\" rel=\"noopener\">Universidad de Valencia<\/a> menciona los factores m\u00e1s evidentes sobre las modificaciones que sufre el cuerpo humano debido a la acci\u00f3n del tiempo.<\/p>\n<h4>La disminuci\u00f3n del col\u00e1geno de la piel<\/h4>\n<p>Es la etapa en donde aparecen las primeras arrugas porque la piel pierde su elasticidad y marca los signos de expresi\u00f3n faciales.<\/p>\n<h4>La p\u00e9rdida de agilidad y de los reflejos<\/h4>\n<p>El paso de los a\u00f1os alarga el tiempo que necesitamos para responder a un est\u00edmulo. Las reacciones se vuelven m\u00e1s lentas y a esto se le suma la p\u00e9rdida de agilidad. La consecuencia es que se necesita un mayor esfuerzo para practicar deporte o hacer tareas b\u00e1sicas.<\/p>\n<h4>Las demencias seniles<\/h4>\n<p>La fisiolog\u00eda del Alzheimer muestra sus primeros s\u00edntomas como una de las caracter\u00edsticas del envejecimiento. Entre ellos est\u00e1n la p\u00e9rdida de memoria a corto plazo y sufrir episodios de desorientaci\u00f3n que muchas veces se justifican a causa del estr\u00e9s.<\/p>\n<h4>La disminuci\u00f3n de la capacidad inmunitaria<\/h4>\n<p>A medida que las personas envejecen es m\u00e1s f\u00e1cil padecer enfermedades contagiosas como la gripe. Las personas j\u00f3venes tienen mayor capacidad inmunitaria para protegerse de los virus, pero con el aumento de los a\u00f1os esta capacidad se reduce.<\/p>\n<h4>La p\u00e9rdida progresiva de los sentidos<\/h4>\n<p>Hay se\u00f1ales de alteraci\u00f3n en los sentidos del o\u00eddo, el gusto y la vista. \u00abLos sentidos se van deteriorando poco a poco y por culpa del envejecimiento vamos perdiendo capacidades para ver o escuchar con claridad\u00bb, advierten desde la instituci\u00f3n universitaria.<\/p>\n<p>Como vemos, hay dos etapas en las que el cuerpo empieza a descomponerse debido a los cambios en la cantidad de mol\u00e9culas relacionadas con las enfermedades cardiovasculares, el metabolismo del alcohol, el estado de la piel y los<strong> m\u00fasculos alrededor de los 44 y 60 a\u00f1os.<\/strong><\/p>\n<p>Para reducir el impacto del envejecimiento, es fundamental implementar h\u00e1bitos saludables como una alimentaci\u00f3n natural sin alimentos procesados, descanso regular y la pr\u00e1ctica de actividad f\u00edsica.<\/p>\n<p>&nbsp;<\/p>\n","protected":false},"excerpt":{"rendered":"<p>El paso del tiempo produce cambios inevitables en la fisionom\u00eda corporal de todas las personas. Dichas transformaciones son evidentes en aspectos fisiol\u00f3gicos y psicol\u00f3gicos que permiten identificar la edad en las que el cuerpo empieza a descomponerse. Se trata de un proceso natural en el que las macromol\u00e9culas que componen nuestro organismo pierden sus funciones [&hellip;]<\/p>\n","protected":false},"author":4,"featured_media":12734832,"comment_status":"closed","ping_status":"closed","sticky":false,"template":"","format":"standard","meta":{"inline_featured_image":false,"jnews-multi-image_gallery":[],"jnews_single_post":{"format":"standard","override":[{"template":"10","single_blog_custom":"0","layout":"no-sidebar-narrow","sidebar":"single-sidebar","second_sidebar":"single-sidebar","sticky_sidebar":"1","share_position":"bottom","share_float_style":"share-monocrhome","show_featured":"1","show_post_meta":"1","show_post_author":"1","show_post_author_image":"1","show_post_date":"1","post_date_format":"custom","post_date_format_custom":"d\/m\/Y","show_post_category":"1","post_reading_time_wpm":"300","post_calculate_word_method":"str_word_count","zoom_button_out_step":"2","zoom_button_in_step":"3","show_post_tag":"1","number_popup_post":"1","show_author_box":"1","show_post_related":"1","show_inline_post_related":"1"}],"image_override":[{"single_post_thumbnail_size":"no-crop","single_post_gallery_size":"crop-715"}],"trending_post_position":"meta","trending_post_label":"Trending","sponsored_post_label":"Sponsored by","disable_ad":"0","subtitle":"Envejecer"},"jnews_primary_category":[],"jnews_social_meta":[],"jnews_review":[],"enable_review":"","type":"percentage","name":"","summary":"","brand":"","sku":"","good":[],"bad":[],"score_override":"","override_value":"","rating":[],"price":[],"jnews_override_counter":{"view_counter_number":"0","share_counter_number":"0","like_counter_number":"0","dislike_counter_number":"0"},"jnews_post_split":{"post_split":[{"template":"1","tag":"h2","numbering":"asc","mode":"normal","first":"0","enable_toc":"0","toc_type":"normal"}]},"footnotes":""},"categories":[2],"tags":[1565],"class_list":["post-12758607","post","type-post","status-publish","format-standard","has-post-thumbnail","hentry","category-salud","tag-tendencias"],"amp_enabled":true,"_links":{"self":[{"href":"https:\/\/okdiario.com\/metabolic\/wp-json\/wp\/v2\/posts\/12758607","targetHints":{"allow":["GET"]}}],"collection":[{"href":"https:\/\/okdiario.com\/metabolic\/wp-json\/wp\/v2\/posts"}],"about":[{"href":"https:\/\/okdiario.com\/metabolic\/wp-json\/wp\/v2\/types\/post"}],"author":[{"embeddable":true,"href":"https:\/\/okdiario.com\/metabolic\/wp-json\/wp\/v2\/users\/4"}],"replies":[{"embeddable":true,"href":"https:\/\/okdiario.com\/metabolic\/wp-json\/wp\/v2\/comments?post=12758607"}],"version-history":[{"count":2,"href":"https:\/\/okdiario.com\/metabolic\/wp-json\/wp\/v2\/posts\/12758607\/revisions"}],"predecessor-version":[{"id":12758613,"href":"https:\/\/okdiario.com\/metabolic\/wp-json\/wp\/v2\/posts\/12758607\/revisions\/12758613"}],"wp:featuredmedia":[{"embeddable":true,"href":"https:\/\/okdiario.com\/metabolic\/wp-json\/wp\/v2\/media\/12734832"}],"wp:attachment":[{"href":"https:\/\/okdiario.com\/metabolic\/wp-json\/wp\/v2\/media?parent=12758607"}],"wp:term":[{"taxonomy":"category","embeddable":true,"href":"https:\/\/okdiario.com\/metabolic\/wp-json\/wp\/v2\/categories?post=12758607"},{"taxonomy":"post_tag","embeddable":true,"href":"https:\/\/okdiario.com\/metabolic\/wp-json\/wp\/v2\/tags?post=12758607"}],"curies":[{"name":"wp","href":"https:\/\/api.w.org\/{rel}","templated":true}]}}