{"id":12757109,"date":"2025-03-27T14:20:20","date_gmt":"2025-03-27T13:20:20","guid":{"rendered":"https:\/\/okdiario.com\/metabolic\/?p=12757109"},"modified":"2025-03-27T14:28:38","modified_gmt":"2025-03-27T13:28:38","slug":"los-3-colores-que-siempre-eligen-las-personas-menos-inteligentes","status":"publish","type":"post","link":"https:\/\/okdiario.com\/metabolic\/psicologia\/miscelanea\/los-3-colores-que-siempre-eligen-las-personas-menos-inteligentes-12757109\/","title":{"rendered":"Los 3 colores que siempre eligen las personas menos inteligentes"},"content":{"rendered":"<p>La est\u00e9tica y el dise\u00f1o de los lugares puede definirse a trav\u00e9s de los colores para una decoraci\u00f3n m\u00e1s din\u00e1mica. En ese sentido, es posible reconocer cu\u00e1les son los<strong> colores <\/strong>que escogen las personas menos inteligentes y creativas, y aquellos que prefieren quienes son m\u00e1s destacados en sus<a href=\"https:\/\/okdiario.com\/metabolic\/psicologia\/emociones\/la-lista-de-los-trabajos-mas-infelices-los-expertos-de-harvard-explican-las-consecuencias-12755585\/\"> trabajos<\/a>. La mayor\u00eda de las personas reconocen que los colores tienen el poder de influir en el estado de \u00e1nimo y en el pensamiento. Sin embargo, no consideran que ciertos tonos muestren un v\u00ednculo directo con la inteligencia y la creatividad.<\/p>\n<p>A partir de diferentes experiencias en entornos educativos y culturales, pueden reconocerse patrones comunes sobre c\u00f3mo las personas con <strong>diferentes niveles de creatividad<\/strong> tienden a elegir colores espec\u00edficos. Hay una asociaci\u00f3n directa en atribuir a los colores m\u00e1s brillantes y vivos una preferencia por parte de las personas m\u00e1s creativas. En el caso de las personas menos inteligentes, suelen elegir tres colores preferentemente: \u00a0el gris, el marr\u00f3n y el amarillo, que generan seguridad, calma y previsibilidad, m\u00e1s caracter\u00edsticos de quienes son menos impulsivo e innovadores. Los que eligen estos colores a menudo se ven como personas m\u00e1s tradicionales o pragm\u00e1ticas. Por lo tanto, esto podr\u00eda explicar su elecci\u00f3n que refleja menor disposici\u00f3n hacia el riesgo o la experimentaci\u00f3n, elementos clave de la creatividad.<\/p>\n<h2>Qu\u00e9 colores eligen las personas menos inteligentes<\/h2>\n<p>La Universidad de Groningen explica en un <a href=\"https:\/\/vorecol.com\/es\/articulos\/articulo-la-influencia-del-color-en-el-estado-de-animo-y-la-productividad-en-el-lugar-de-trabajo-196119\" target=\"_blank\" rel=\"noopener\">art\u00edculo<\/a> que los colores gris, marr\u00f3n y amarillo son considerados apagados y suelen estar asociados con personas menos inclinadas a la experimentaci\u00f3n.<\/p>\n<h3>Gris<\/h3>\n<p>\u00abEl gris transmite una sensaci\u00f3n de estabilidad, pero tambi\u00e9n de monoton\u00eda, lo que puede limitar la capacidad de una persona para pensar fuera de lo com\u00fan\u00bb, especifican los expertos.<\/p>\n<h3>Marr\u00f3n<\/h3>\n<p>En cuanto al marr\u00f3n, que se percibe como un color s\u00f3lido y terrenal, tiene asociaci\u00f3n con la prudencia y la falta de riesgo, cualidades que pueden restringir la flexibilidad mental necesaria para ser verdaderamente creativo.<\/p>\n<h3>Amarillo<\/h3>\n<p>Si bien el amarillo tiene notas brillantes, los investigadores consideran que puede generar ansiedad o fatiga mental. Esto podr\u00eda afectar negativamente a la capacidad de una persona para generar ideas originales.<\/p>\n<p>En lugar de expresar perfiles creativos, abstractos y abiertos a la imaginaci\u00f3n, las elecciones de gris, marr\u00f3n y amarillo reflejan un perfil cognitivo m\u00e1s centrado en lo concreto y lo predecible.<\/p>\n<h3>La creatividad y la inteligencia en los colores<\/h3>\n<p>Para los investigadores universitarios de Groningen, a lo largo de los a\u00f1os varios estudios intentaron vincular la elecci\u00f3n de colores con la personalidad y las habilidades cognitivas.<\/p>\n<p>Las personas que presentan un car\u00e1cter m\u00e1s creativo y transformador muestran una tendencia hacia colores m\u00e1s intensos como el rojo, el azul y el verde. En este sentido, son los preferidos por quienes tienen son m\u00e1s innovadores y flexibles.<\/p>\n<p>\u00abAdem\u00e1s de ser colores que evocan emociones, tambi\u00e9n fomentan la acci\u00f3n, la motivaci\u00f3n y la estimulaci\u00f3n mental, caracter\u00edsticas esenciales en el proceso creativo, l\u00fadico y explorador\u00bb, afirman.<\/p>\n<h3>\u00bfC\u00f3mo influyen los colores en la creatividad?<\/h3>\n<p>Un informe de la <a href=\"https:\/\/psico-smart.com\/articulos\/articulo-como-influye-la-psicologia-del-color-en-la-productividad-laboral-y-en-los-sistemas-de-gestion-de-tareas-188867\" target=\"_blank\" rel=\"noopener\">Universidad de California<\/a> sobre psicolog\u00eda del color en el \u00e1mbito laboral, los ambientes de trabajo con colores brillantes y variados pueden potenciar la creatividad de los empleados.<\/p>\n<p>A su vez, indican que los espacios con colores m\u00e1s neutros y oscuros suelen generar un ambiente m\u00e1s conservador y poco estimulante.<\/p>\n<p>\u00abLos colores como el azul profundo y el verde se asocian con el aumento de la capacidad cognitiva y la resoluci\u00f3n de problemas complejos, mientras que los tonos m\u00e1s apagados tienden a fomentar un enfoque m\u00e1s limitado y l\u00f3gico\u00bb, explican.<\/p>\n<h3>\u00bfQu\u00e9 otros tonos estimulan la imaginaci\u00f3n, la creatividad y la inteligencia?<\/h3>\n<p>Si analizamos las particularidades de determinados colores, el rojo presenta gran capacidad de estimular la adrenalina y aumentar la energ\u00eda. Esto lo convierte en un tono elegido frecuentemente por personas con tendencias m\u00e1s competitivas y arriesgadas.<\/p>\n<p>La <strong>elecci\u00f3n del verde<\/strong> est\u00e1 relacionada con la b\u00fasqueda de equilibrio y frescura mental. La claridad y precisi\u00f3n son claves para quienes buscan constantemente nuevas ideas y soluciones.<\/p>\n<p>Los profesionales de la Universidad de California indican que colores como el naranja y el turquesa tambi\u00e9n se asocian con la creatividad. Son tonalidades que evocan una sensaci\u00f3n de apertura y optimismo, caracter\u00edsticas que fomentan la innovaci\u00f3n y el pensamiento divergente.<\/p>\n<p>La relaci\u00f3n entre el color y la creatividad de las personas muestra diferentes matices y tonalidades. Por un lado, colores como el gris, el amarillo y el marr\u00f3n se asocian con perfiles m\u00e1s conservadores y menos inclinados al riesgo. Mientras que hay colores m\u00e1s frescos como e<strong>l rojo, el azul y el verde<\/strong> que son elegidos por personas m\u00e1s innovadoras y creativas.<\/p>\n<p>Aunque la elecci\u00f3n de un color favorito puede ofrecer pistas sobre nuestra personalidad, es importante recordar que no define por completo quienes somos. Nuestros gustos y preferencias son solo una parte de nuestra identidad, influida por experiencias, emociones y contextos. Para profundizar m\u00e1s acerca de c\u00f3mo la psicolog\u00eda del color puede ser una herramienta divertida, lee el art\u00edculo de la <a href=\"https:\/\/perio.unlp.edu.ar\/catedras\/wp-content\/uploads\/sites\/125\/2020\/04\/Psicologia-del-color.pdf\" target=\"_blank\" rel=\"noopener\">Escola D\u2019art I Superior de Disseny de Vic.<\/a><\/p>\n","protected":false},"excerpt":{"rendered":"<p>La est\u00e9tica y el dise\u00f1o de los lugares puede definirse a trav\u00e9s de los colores para una decoraci\u00f3n m\u00e1s din\u00e1mica. En ese sentido, es posible reconocer cu\u00e1les son los colores que escogen las personas menos inteligentes y creativas, y aquellos que prefieren quienes son m\u00e1s destacados en sus trabajos. La mayor\u00eda de las personas reconocen [&hellip;]<\/p>\n","protected":false},"author":4,"featured_media":12757112,"comment_status":"closed","ping_status":"closed","sticky":false,"template":"","format":"standard","meta":{"inline_featured_image":false,"jnews-multi-image_gallery":[],"jnews_single_post":{"format":"standard","override":[{"template":"10","single_blog_custom":"0","layout":"no-sidebar-narrow","sidebar":"single-sidebar","second_sidebar":"single-sidebar","sticky_sidebar":"1","share_position":"bottom","share_float_style":"share-monocrhome","show_featured":"1","show_post_meta":"1","show_post_author":"1","show_post_author_image":"1","show_post_date":"1","post_date_format":"custom","post_date_format_custom":"d\/m\/Y","show_post_category":"1","post_reading_time_wpm":"300","post_calculate_word_method":"str_word_count","zoom_button_out_step":"2","zoom_button_in_step":"3","show_post_tag":"1","number_popup_post":"1","show_author_box":"1","show_post_related":"1","show_inline_post_related":"1"}],"image_override":[{"single_post_thumbnail_size":"no-crop","single_post_gallery_size":"crop-715"}],"trending_post_position":"meta","trending_post_label":"Trending","sponsored_post_label":"Sponsored by","disable_ad":"0","subtitle":"Colores"},"jnews_primary_category":[],"jnews_social_meta":[],"jnews_review":[],"enable_review":"","type":"percentage","name":"","summary":"","brand":"","sku":"","good":[],"bad":[],"score_override":"","override_value":"","rating":[],"price":[],"jnews_override_counter":{"view_counter_number":"0","share_counter_number":"0","like_counter_number":"0","dislike_counter_number":"0"},"jnews_post_split":{"post_split":[{"template":"1","tag":"h2","numbering":"asc","mode":"normal","first":"0","enable_toc":"0","toc_type":"normal"}]},"footnotes":""},"categories":[33],"tags":[1565],"class_list":["post-12757109","post","type-post","status-publish","format-standard","has-post-thumbnail","hentry","category-miscelanea","tag-tendencias"],"amp_enabled":true,"_links":{"self":[{"href":"https:\/\/okdiario.com\/metabolic\/wp-json\/wp\/v2\/posts\/12757109","targetHints":{"allow":["GET"]}}],"collection":[{"href":"https:\/\/okdiario.com\/metabolic\/wp-json\/wp\/v2\/posts"}],"about":[{"href":"https:\/\/okdiario.com\/metabolic\/wp-json\/wp\/v2\/types\/post"}],"author":[{"embeddable":true,"href":"https:\/\/okdiario.com\/metabolic\/wp-json\/wp\/v2\/users\/4"}],"replies":[{"embeddable":true,"href":"https:\/\/okdiario.com\/metabolic\/wp-json\/wp\/v2\/comments?post=12757109"}],"version-history":[{"count":2,"href":"https:\/\/okdiario.com\/metabolic\/wp-json\/wp\/v2\/posts\/12757109\/revisions"}],"predecessor-version":[{"id":12757118,"href":"https:\/\/okdiario.com\/metabolic\/wp-json\/wp\/v2\/posts\/12757109\/revisions\/12757118"}],"wp:featuredmedia":[{"embeddable":true,"href":"https:\/\/okdiario.com\/metabolic\/wp-json\/wp\/v2\/media\/12757112"}],"wp:attachment":[{"href":"https:\/\/okdiario.com\/metabolic\/wp-json\/wp\/v2\/media?parent=12757109"}],"wp:term":[{"taxonomy":"category","embeddable":true,"href":"https:\/\/okdiario.com\/metabolic\/wp-json\/wp\/v2\/categories?post=12757109"},{"taxonomy":"post_tag","embeddable":true,"href":"https:\/\/okdiario.com\/metabolic\/wp-json\/wp\/v2\/tags?post=12757109"}],"curies":[{"name":"wp","href":"https:\/\/api.w.org\/{rel}","templated":true}]}}