{"id":12756776,"date":"2025-03-23T10:00:16","date_gmt":"2025-03-23T09:00:16","guid":{"rendered":"https:\/\/okdiario.com\/metabolic\/?p=12756776"},"modified":"2025-03-21T10:00:23","modified_gmt":"2025-03-21T09:00:23","slug":"duro-aviso-de-los-psicologos-deja-de-decir-a-tus-hijos-estas-6-frases-lapidarias-inmediatamente","status":"publish","type":"post","link":"https:\/\/okdiario.com\/metabolic\/psicologia\/relaciones-y-sociedad\/duro-aviso-de-los-psicologos-deja-de-decir-a-tus-hijos-estas-6-frases-lapidarias-inmediatamente-12756776\/","title":{"rendered":"Duro aviso de los psic\u00f3logos: deja de decir a tus hijos estas 6 frases lapidarias inmediatamente"},"content":{"rendered":"<p>La psicolog\u00eda infantil ha evolucionado con el tiempo, por lo que <strong>los psic\u00f3logos han podido estudiar el impacto negativo que pueden tener algunas frases de los padres en sus hijos<\/strong>.<\/p>\n<p>Obviamente, en la mayor\u00eda de los casos, los padres no realizan estas afirmaciones con mala intenci\u00f3n e incluso piensan que hacen lo m\u00e1s correcto.<\/p>\n<p>Sin embargo, los psic\u00f3logos tienen claro que algunas expresiones pueden da\u00f1ar la autoestima de los hijos y afectar a su desarrollo personal.<\/p>\n<p>Por ello, es fundamental que conozcas cu\u00e1les son las frases que seguro que alguna vez se te han escapado y que <strong>debes parar de decir a tus hijos inmediatamente<\/strong>.<\/p>\n<h2>Las frases que dices a tus hijos y los psic\u00f3logos recomiendan que pares de hacerlo<\/h2>\n<p>Seguro que tus intenciones son buenas o dices estas seis frases sin darte cuenta de c\u00f3mo las puede interpretar la mente de un ni\u00f1o.<\/p>\n<p>Es normal que no prestes atenci\u00f3n hasta del m\u00e1s m\u00ednimo detalle. Justamente para eso, los psic\u00f3logos han realizado diversas investigaciones. Con ellas, podemos saber qu\u00e9 frases hay que evitar.<\/p>\n<h3>\u00abNo haces nada bien\u00bb<\/h3>\n<p>Esta afirmaci\u00f3n puede ser devastadora para la autoestima de un ni\u00f1o.<\/p>\n<p>Escuchar repetidamente que no son capaces de hacer nada bien puede hacer que <strong>asocien cualquier esfuerzo con el fracaso<\/strong>, lo que genera inseguridad y miedo a equivocarse en el futuro.<\/p>\n<h3>\u00abNo llores, que no es nada\u00bb<\/h3>\n<p>Minimizar los sentimientos de un ni\u00f1o puede tener consecuencias negativas en su desarrollo emocional.<\/p>\n<p>Los psic\u00f3logos advierten que frases como esta ense\u00f1an a los ni\u00f1os a <strong>reprimir sus emociones<\/strong> en lugar de gestionarlas de manera saludable, lo que puede generar problemas en la adultez.<\/p>\n<h3>\u00abEres muy ego\u00edsta\u00bb<\/h3>\n<p>Etiquetar a un ni\u00f1o con adjetivos negativos puede afectar la manera en que se percibe a s\u00ed mismo.<\/p>\n<p>Por ello, estas etiquetas <strong>pueden influir en la autoimagen del ni\u00f1o y en c\u00f3mo interact\u00faa con los dem\u00e1s<\/strong> a lo largo de su vida.<\/p>\n<h3>\u00ab\u00bfPor qu\u00e9 no te comportas como tu hermano?\u00bb<\/h3>\n<p>Comparar a los ni\u00f1os con sus hermanos o con otros puede <strong>disminuir su confianza en s\u00ed mismos<\/strong>.<\/p>\n<p>Este tipo de comparaci\u00f3n fomenta la competencia innecesaria y puede da\u00f1ar la autoestima de los ni\u00f1os. Adem\u00e1s, puede afectar a su relaci\u00f3n.<\/p>\n<h3>\u00abSi no te comes la comida, no voy a quererte\u00bb<\/h3>\n<p>Los psic\u00f3logos advierten que relacionar el amor con el comportamiento puede generar una percepci\u00f3n err\u00f3nea del afecto y <strong>fomentar una relaci\u00f3n poco saludable con la comida<\/strong>.<\/p>\n<p>Este tipo de frases pueden hacer que los ni\u00f1os asocien el cari\u00f1o con condiciones externas, lo que afectar\u00e1 a su autoestima.<\/p>\n<h3>\u00abNo molestes, estoy ocupado\u00bb<\/h3>\n<p><a href=\"https:\/\/okdiario.com\/metabolic\/psicologia\/relaciones-y-sociedad\/los-psicologos-lanzan-un-serio-aviso-a-los-padres-que-pasan-menos-de-3-horas-al-dia-con-sus-hijos-12749363\/\">Cuando un ni\u00f1o busca atenci\u00f3n y recibe rechazo o indiferencia<\/a>, su v\u00ednculo emocional con los padres puede debilitarse.<\/p>\n<p>Eso ha provocado que los psic\u00f3logos defiendan que la falta de interacci\u00f3n emocional en la infancia puede <strong>generar dificultades para establecer relaciones saludables en la adultez<\/strong>.<\/p>\n<h2>El impacto de las palabras en la psicolog\u00eda infantil<\/h2>\n<p>Estas frases son una peque\u00f1a demostraci\u00f3n de lo que los psic\u00f3logos especializados en psicolog\u00eda infantil llevan a\u00f1os defendiendo.<\/p>\n<p>Las palabras tienen un gran peso en su desarrollo emocional y pueden marcar su comportamiento futuro.<\/p>\n<p>Por ello, los adultos tenemos la obligaci\u00f3n de evitar estas frases da\u00f1inas, para contribuir a una crianza m\u00e1s sana y fortalecer la relaci\u00f3n con los peque\u00f1os de la casa.<\/p>\n<p>Como alternativa, los psic\u00f3logos recomiendan <strong>utilizar un lenguaje positivo que refuerce la confianza del ni\u00f1o<\/strong>.<\/p>\n","protected":false},"excerpt":{"rendered":"<p>La psicolog\u00eda infantil ha evolucionado con el tiempo, por lo que los psic\u00f3logos han podido estudiar el impacto negativo que pueden tener algunas frases de los padres en sus hijos. Obviamente, en la mayor\u00eda de los casos, los padres no realizan estas afirmaciones con mala intenci\u00f3n e incluso piensan que hacen lo m\u00e1s correcto. Sin [&hellip;]<\/p>\n","protected":false},"author":32,"featured_media":12756779,"comment_status":"closed","ping_status":"closed","sticky":false,"template":"","format":"standard","meta":{"inline_featured_image":false,"jnews-multi-image_gallery":[],"jnews_single_post":{"format":"standard","override":[{"template":"10","single_blog_custom":"0","layout":"no-sidebar-narrow","sidebar":"single-sidebar","second_sidebar":"single-sidebar","sticky_sidebar":"1","share_position":"bottom","share_float_style":"share-monocrhome","show_featured":"1","show_post_meta":"1","show_post_author":"1","show_post_author_image":"1","show_post_date":"1","post_date_format":"custom","post_date_format_custom":"d\/m\/Y","show_post_category":"1","post_reading_time_wpm":"300","post_calculate_word_method":"str_word_count","zoom_button_out_step":"2","zoom_button_in_step":"3","show_post_tag":"1","number_popup_post":"1","show_author_box":"1","show_post_related":"1","show_inline_post_related":"1"}],"image_override":[{"single_post_thumbnail_size":"no-crop","single_post_gallery_size":"crop-715"}],"trending_post_position":"meta","trending_post_label":"Trending","sponsored_post_label":"Sponsored by","disable_ad":"0","subtitle":"La psicolog\u00eda infantil ha descrito seis frases que los padres suelen repetir en casa, pero que no hacen ning\u00fan bien a la formaci\u00f3n de los ni\u00f1os"},"jnews_primary_category":[],"jnews_social_meta":[],"jnews_review":[],"enable_review":"","type":"percentage","name":"","summary":"","brand":"","sku":"","good":[],"bad":[],"score_override":"","override_value":"","rating":[],"price":[],"jnews_override_counter":{"view_counter_number":"0","share_counter_number":"0","like_counter_number":"0","dislike_counter_number":"0"},"jnews_post_split":{"post_split":[{"template":"1","tag":"h2","numbering":"asc","mode":"normal","first":"0","enable_toc":"0","toc_type":"normal"}]},"footnotes":""},"categories":[31],"tags":[],"class_list":["post-12756776","post","type-post","status-publish","format-standard","has-post-thumbnail","hentry","category-relaciones-y-sociedad"],"amp_enabled":true,"_links":{"self":[{"href":"https:\/\/okdiario.com\/metabolic\/wp-json\/wp\/v2\/posts\/12756776","targetHints":{"allow":["GET"]}}],"collection":[{"href":"https:\/\/okdiario.com\/metabolic\/wp-json\/wp\/v2\/posts"}],"about":[{"href":"https:\/\/okdiario.com\/metabolic\/wp-json\/wp\/v2\/types\/post"}],"author":[{"embeddable":true,"href":"https:\/\/okdiario.com\/metabolic\/wp-json\/wp\/v2\/users\/32"}],"replies":[{"embeddable":true,"href":"https:\/\/okdiario.com\/metabolic\/wp-json\/wp\/v2\/comments?post=12756776"}],"version-history":[{"count":3,"href":"https:\/\/okdiario.com\/metabolic\/wp-json\/wp\/v2\/posts\/12756776\/revisions"}],"predecessor-version":[{"id":12756783,"href":"https:\/\/okdiario.com\/metabolic\/wp-json\/wp\/v2\/posts\/12756776\/revisions\/12756783"}],"wp:featuredmedia":[{"embeddable":true,"href":"https:\/\/okdiario.com\/metabolic\/wp-json\/wp\/v2\/media\/12756779"}],"wp:attachment":[{"href":"https:\/\/okdiario.com\/metabolic\/wp-json\/wp\/v2\/media?parent=12756776"}],"wp:term":[{"taxonomy":"category","embeddable":true,"href":"https:\/\/okdiario.com\/metabolic\/wp-json\/wp\/v2\/categories?post=12756776"},{"taxonomy":"post_tag","embeddable":true,"href":"https:\/\/okdiario.com\/metabolic\/wp-json\/wp\/v2\/tags?post=12756776"}],"curies":[{"name":"wp","href":"https:\/\/api.w.org\/{rel}","templated":true}]}}