{"id":12754334,"date":"2025-02-06T08:19:20","date_gmt":"2025-02-06T07:19:20","guid":{"rendered":"https:\/\/okdiario.com\/metabolic\/?p=12754334"},"modified":"2025-02-06T08:19:20","modified_gmt":"2025-02-06T07:19:20","slug":"la-razon-por-la-que-te-despiertas-a-las-3-de-la-manana-la-ciencia-tiene-una-explicacion","status":"publish","type":"post","link":"https:\/\/okdiario.com\/metabolic\/psicologia\/autoayuda\/la-razon-por-la-que-te-despiertas-a-las-3-de-la-manana-la-ciencia-tiene-una-explicacion-12754334\/","title":{"rendered":"La raz\u00f3n por la que te despiertas a las 3 de la ma\u00f1ana: la ciencia tiene una explicaci\u00f3n"},"content":{"rendered":"<p>Despertarse a las<strong> 3 de la ma\u00f1ana<\/strong> es una experiencia que muchos han tenido en alg\u00fan momento, y puede ser desconcertante. Aunque podr\u00eda parecer que simplemente estamos interrumpiendo nuestro descanso, existen diversas razones detr\u00e1s de este fen\u00f3meno. El cuerpo humano sigue ciclos de sue\u00f1o llamados ritmos circadianos, los cuales pueden verse alterados por factores como el estr\u00e9s, la <a href=\"https:\/\/okdiario.com\/metabolic\/psicologia\/emociones\/el-truco-de-los-expertos-para-calmar-la-ansiedad-solo-tienes-que-escuchar-esta-cancion-12752928\/\">ansiedad<\/a>, o incluso h\u00e1bitos de vida poco saludables. Adem\u00e1s, algunas personas creen que despertarse a esa hora podr\u00eda estar relacionado con creencias espirituales o supersticiones.<\/p>\n<p><a href=\"https:\/\/www.iflscience.com\/why-do-some-people-wake-up-at-3am-every-night-76630\" target=\"_blank\" rel=\"noopener\">IFLScience<\/a> explica que \u00abdurante el transcurso de la noche, todos pasamos por varios ciclos de sue\u00f1o. Cada uno de ellos comienza con un sue\u00f1o ligero, que luego da paso a un sue\u00f1o m\u00e1s profundo cuando entramos en el sue\u00f1o de ondas lentas. A continuaci\u00f3n, entramos en la fase m\u00e1s activa conocida como sue\u00f1o REM (movimiento ocular r\u00e1pido), despu\u00e9s de la cual es muy probable que nos despertemos antes de volver a dormirnos\u00bb. En este sentido, una de las razones m\u00e1s comunes por las que nos despertamos a las 3 de la ma\u00f1ana tiene que ver con el ciclo natural de sue\u00f1o. Al final de cada ciclo, que dura aproximadamente 90 minutos, el cuerpo entra en una etapa ligera de sue\u00f1o, lo que facilita que nos despertemos sin raz\u00f3n aparente. Este despertar tambi\u00e9n puede estar relacionado con el estr\u00e9s o la ansiedad, ya que el cerebro se activa en momentos de preocupaci\u00f3n, interrumpiendo el descanso profundo. Otro factor a tener en cuenta es el <strong>desequilibrio hormonal,<\/strong> ya que la producci\u00f3n de cortisol aumenta durante la madrugada. Adem\u00e1s, los problemas digestivos, el consumo excesivo de cafe\u00edna o alcohol antes de dormir tambi\u00e9n pueden desencadenar que uno se despierte por la noche. Identificar las causas subyacentes puede ser clave para mejorar la calidad del sue\u00f1o.<\/p>\n<h2>Por qu\u00e9 te despiertas a las 3 de la ma\u00f1ana<\/h2>\n<h3>Ciclo natural de sue\u00f1o<\/h3>\n<p>El ciclo del sue\u00f1o humano se divide en varias fases: sue\u00f1o ligero, sue\u00f1o profundo y sue\u00f1o REM. La <a href=\"https:\/\/enfamilia.aeped.es\/vida-sana\/fases-sueno#:~:text=Cuando%20se%20comienza%20a%20dormir,completamos%20un%20ciclo%20del%20sue%C3%B1o.\" target=\"_blank\" rel=\"noopener\">Asociaci\u00f3n Espa\u00f1ola de Pediatr\u00eda\u00a0En Familia<\/a> explica que \u00abel sue\u00f1o REM se denomina as\u00ed por los movimientos que realizan los ojos en esta fase (<em>Rapid Eye Movements<\/em>, movimientos oculares r\u00e1pidos). Esta fase sirve sobre todo para consolidar la memoria, retener u olvidar informaci\u00f3n. Es el momento en el que aparecen los sue\u00f1os, as\u00ed como las pesadillas\u201d.<\/p>\n<p>Durante la noche, nuestro cuerpo pasa por <strong>ciclos de 90 minutos<\/strong> que se repiten varias veces. Aproximadamente a las 3 de la ma\u00f1ana, las personas suelen encontrarse en una fase de sue\u00f1o ligero, lo que facilita los despertares espont\u00e1neos. Si la persona no se vuelve a dormir r\u00e1pidamente, puede sentir que est\u00e1 teniendo dificultades para descansar.<\/p>\n<p><img fetchpriority=\"high\" decoding=\"async\" class=\"alignnone size-full wp-image-12735575\" src=\"https:\/\/okdiario.com\/metabolic\/wp-content\/uploads\/2024\/07\/dormir-pareja.jpg\" alt=\"Esto es lo que dice la ciencia sobre acostarse tarde\" width=\"1920\" height=\"1278\" srcset=\"https:\/\/okdiario.com\/metabolic\/wp-content\/uploads\/2024\/07\/dormir-pareja.jpg 1920w, https:\/\/okdiario.com\/metabolic\/wp-content\/uploads\/2024\/07\/dormir-pareja-150x100.jpg 150w, https:\/\/okdiario.com\/metabolic\/wp-content\/uploads\/2024\/07\/dormir-pareja-300x200.jpg 300w, https:\/\/okdiario.com\/metabolic\/wp-content\/uploads\/2024\/07\/dormir-pareja-768x511.jpg 768w, https:\/\/okdiario.com\/metabolic\/wp-content\/uploads\/2024\/07\/dormir-pareja-1800x1198.jpg 1800w, https:\/\/okdiario.com\/metabolic\/wp-content\/uploads\/2024\/07\/dormir-pareja-1536x1022.jpg 1536w, https:\/\/okdiario.com\/metabolic\/wp-content\/uploads\/2024\/07\/dormir-pareja-750x499.jpg 750w, https:\/\/okdiario.com\/metabolic\/wp-content\/uploads\/2024\/07\/dormir-pareja-1140x759.jpg 1140w, https:\/\/okdiario.com\/metabolic\/wp-content\/uploads\/2024\/07\/dormir-pareja-1024x682.jpg 1024w\" sizes=\"(max-width: 1920px) 100vw, 1920px\" \/><\/p>\n<h3>Estr\u00e9s y ansiedad<\/h3>\n<p>El estr\u00e9s y la ansiedad son dos de las causas m\u00e1s comunes de que nos despertemos a esta hora. En situaciones de alta preocupaci\u00f3n, el cuerpo libera hormonas del estr\u00e9s, como el cortisol, que pueden alterar el ciclo de sue\u00f1o y hacer que nos despertemos en medio de la noche.<\/p>\n<p>Las preocupaciones cotidianas, problemas laborales, familiares o econ\u00f3micos pueden interrumpir nuestro descanso y hacernos despertar a horas como las 3 de la ma\u00f1ana.<\/p>\n<h3>Desequilibrio hormonal<\/h3>\n<p>El cuerpo humano produce una serie de hormonas que regulan el sue\u00f1o, como la melatonina y el cortisol. La melatonina es responsable de inducir el sue\u00f1o, mientras que el <strong>cortisol, la hormona del estr\u00e9s,<\/strong> aumenta por la ma\u00f1ana para ayudarnos a despertar.<\/p>\n<p>Seg\u00fan la <a href=\"https:\/\/www.mayoclinic.org\/es\/healthy-lifestyle\/stress-management\/in-depth\/stress\/art-20046037\" target=\"_blank\" rel=\"noopener\">Cl\u00ednica Mayo<\/a>, \u00abel cortisol, que es la hormona principal del estr\u00e9s, aumenta la glucosa en la sangre, o sea, los niveles de az\u00facar. Tambi\u00e9n mejora el uso de la glucosa en el cerebro y aumenta la disponibilidad de las sustancias del organismo que reparan los tejidos\u00bb.<\/p>\n<p>Sin embargo, si los niveles de cortisol son demasiado altos durante la noche, especialmente alrededor de las 3 de la ma\u00f1ana, pueden interrumpir el sue\u00f1o y hacernos despertar.<\/p>\n<p>Esto puede ocurrir debido a <strong>desequilibrios hormonales,<\/strong> que a menudo est\u00e1n relacionados con el estr\u00e9s cr\u00f3nico, la alimentaci\u00f3n poco saludable o problemas de salud como el hipotiroidismo.<\/p>\n<h3>Problemas digestivos<\/h3>\n<p>Los trastornos digestivos pueden causar molestias durante la noche que interrumpen el sue\u00f1o. El reflujo, en particular, puede empeorar por la noche y provocar que los \u00e1cidos del est\u00f3mago suban al es\u00f3fago, lo que puede hacer que despertemos a las 3 de la ma\u00f1ana con una sensaci\u00f3n inc\u00f3moda de ardor.<\/p>\n<p>Lo ideal es comer de forma ligera y al menos dos horas antes de irnos a la cama a dormir.<\/p>\n<p><img decoding=\"async\" class=\"alignnone size-full wp-image-12750294\" src=\"https:\/\/okdiario.com\/metabolic\/wp-content\/uploads\/2024\/12\/dormir22.jpg\" alt=\"Las horas que debes dormir seg\u00fan los expertos para evitar el Alzheimer\" width=\"1920\" height=\"1280\" srcset=\"https:\/\/okdiario.com\/metabolic\/wp-content\/uploads\/2024\/12\/dormir22.jpg 1920w, https:\/\/okdiario.com\/metabolic\/wp-content\/uploads\/2024\/12\/dormir22-300x200.jpg 300w, https:\/\/okdiario.com\/metabolic\/wp-content\/uploads\/2024\/12\/dormir22-150x100.jpg 150w, https:\/\/okdiario.com\/metabolic\/wp-content\/uploads\/2024\/12\/dormir22-768x512.jpg 768w, https:\/\/okdiario.com\/metabolic\/wp-content\/uploads\/2024\/12\/dormir22-1800x1200.jpg 1800w, https:\/\/okdiario.com\/metabolic\/wp-content\/uploads\/2024\/12\/dormir22-1536x1024.jpg 1536w, https:\/\/okdiario.com\/metabolic\/wp-content\/uploads\/2024\/12\/dormir22-750x500.jpg 750w, https:\/\/okdiario.com\/metabolic\/wp-content\/uploads\/2024\/12\/dormir22-1140x760.jpg 1140w\" sizes=\"(max-width: 1920px) 100vw, 1920px\" \/><\/p>\n<h3>Consumo de cafe\u00edna o alcohol<\/h3>\n<p>El consumo de sustancias como cafe\u00edna o alcohol cerca de la hora de dormir puede tener un impacto negativo en el sue\u00f1o. La cafe\u00edna, aunque puede mantenernos despiertos durante el d\u00eda, tambi\u00e9n puede interrumpir el sue\u00f1o nocturno, ya que es un estimulante.<\/p>\n<p>Si consumes cafe\u00edna en la tarde o noche, tu cuerpo puede seguir estando activo cuando deber\u00edas estar descansando. El alcohol, por otro lado, puede inducir el sue\u00f1o inicialmente, pero su efecto se desvanece r\u00e1pidamente, lo que provoca entonces que nos despertemos \u00a0a mitad de la noche, como a las 3 de la ma\u00f1ana.<\/p>\n<h3>Recomendaciones para mejorar el sue\u00f1o<\/h3>\n<h4>Establece una rutina de sue\u00f1o consistente<\/h4>\n<p>Intenta acostarte y levantarte a la misma hora todos los d\u00edas, incluso los fines de semana. Cr\u00e9ate una rutina. Esto ayudar\u00e1 a regular tus ritmos circadianos y mejorar tu capacidad para dormir sin pausas.<\/p>\n<h4>Reduce lo que te produce estr\u00e9s<\/h4>\n<p>Si el estr\u00e9s es la causa de que te despiertes cada d\u00eda durante la madrugada, es fundamental implementar pr\u00e1cticas relajantes antes de acostarte. T\u00e9cnicas como la meditaci\u00f3n, la respiraci\u00f3n profunda o tomar un ba\u00f1o caliente pueden ayudarte a reducir los niveles de ansiedad y permitirte un descanso m\u00e1s profundo.<\/p>\n<h4>Evita bebidas estimulantes por la tarde<\/h4>\n<p>Como hemos destacado, determinadas bebidas no acaban de ser buena para nuestro cuerpo. Por esto, limita el consumo de cafe\u00edna y alcohol, especialmente en la tarde y noche.<\/p>\n<p>Estos estimulantes pueden alterar tu ciclo de sue\u00f1o y<strong> dificultar que duermas durante toda la noche<\/strong> sin interrupciones. Opta por bebidas relajantes, como t\u00e9 de manzanilla, que favorecen el descanso.<\/p>\n<p>Si tienes problemas para dormir y te despiertas a ciertas horas sin conseguir poder conciliar el sue\u00f1o, es importante ir al m\u00e9dico porque descansar se relaciona con buena salud.<\/p>\n","protected":false},"excerpt":{"rendered":"<p>Despertarse a las 3 de la ma\u00f1ana es una experiencia que muchos han tenido en alg\u00fan momento, y puede ser desconcertante. Aunque podr\u00eda parecer que simplemente estamos interrumpiendo nuestro descanso, existen diversas razones detr\u00e1s de este fen\u00f3meno. El cuerpo humano sigue ciclos de sue\u00f1o llamados ritmos circadianos, los cuales pueden verse alterados por factores como [&hellip;]<\/p>\n","protected":false},"author":4,"featured_media":12754335,"comment_status":"closed","ping_status":"closed","sticky":false,"template":"","format":"standard","meta":{"inline_featured_image":false,"jnews-multi-image_gallery":[],"jnews_single_post":{"format":"standard","override":[{"template":"10","single_blog_custom":"0","layout":"no-sidebar-narrow","sidebar":"single-sidebar","second_sidebar":"single-sidebar","sticky_sidebar":"1","share_position":"bottom","share_float_style":"share-monocrhome","show_featured":"1","show_post_meta":"1","show_post_author":"1","show_post_author_image":"1","show_post_date":"1","post_date_format":"custom","post_date_format_custom":"d\/m\/Y","show_post_category":"1","post_reading_time_wpm":"300","post_calculate_word_method":"str_word_count","zoom_button_out_step":"2","zoom_button_in_step":"3","show_post_tag":"1","number_popup_post":"1","show_author_box":"1","show_post_related":"1","show_inline_post_related":"1"}],"image_override":[{"single_post_thumbnail_size":"no-crop","single_post_gallery_size":"crop-715"}],"trending_post_position":"meta","trending_post_label":"Trending","sponsored_post_label":"Sponsored by","disable_ad":"0","subtitle":"Dormir"},"jnews_primary_category":[],"jnews_social_meta":[],"jnews_review":[],"enable_review":"","type":"percentage","name":"","summary":"","brand":"","sku":"","good":[],"bad":[],"score_override":"","override_value":"","rating":[],"price":[],"jnews_override_counter":{"view_counter_number":"0","share_counter_number":"0","like_counter_number":"0","dislike_counter_number":"0"},"jnews_post_split":{"post_split":[{"template":"1","tag":"h2","numbering":"asc","mode":"normal","first":"0","enable_toc":"0","toc_type":"normal"}]},"footnotes":""},"categories":[29],"tags":[1565],"class_list":["post-12754334","post","type-post","status-publish","format-standard","has-post-thumbnail","hentry","category-autoayuda","tag-tendencias"],"amp_enabled":true,"_links":{"self":[{"href":"https:\/\/okdiario.com\/metabolic\/wp-json\/wp\/v2\/posts\/12754334","targetHints":{"allow":["GET"]}}],"collection":[{"href":"https:\/\/okdiario.com\/metabolic\/wp-json\/wp\/v2\/posts"}],"about":[{"href":"https:\/\/okdiario.com\/metabolic\/wp-json\/wp\/v2\/types\/post"}],"author":[{"embeddable":true,"href":"https:\/\/okdiario.com\/metabolic\/wp-json\/wp\/v2\/users\/4"}],"replies":[{"embeddable":true,"href":"https:\/\/okdiario.com\/metabolic\/wp-json\/wp\/v2\/comments?post=12754334"}],"version-history":[{"count":1,"href":"https:\/\/okdiario.com\/metabolic\/wp-json\/wp\/v2\/posts\/12754334\/revisions"}],"predecessor-version":[{"id":12754337,"href":"https:\/\/okdiario.com\/metabolic\/wp-json\/wp\/v2\/posts\/12754334\/revisions\/12754337"}],"wp:featuredmedia":[{"embeddable":true,"href":"https:\/\/okdiario.com\/metabolic\/wp-json\/wp\/v2\/media\/12754335"}],"wp:attachment":[{"href":"https:\/\/okdiario.com\/metabolic\/wp-json\/wp\/v2\/media?parent=12754334"}],"wp:term":[{"taxonomy":"category","embeddable":true,"href":"https:\/\/okdiario.com\/metabolic\/wp-json\/wp\/v2\/categories?post=12754334"},{"taxonomy":"post_tag","embeddable":true,"href":"https:\/\/okdiario.com\/metabolic\/wp-json\/wp\/v2\/tags?post=12754334"}],"curies":[{"name":"wp","href":"https:\/\/api.w.org\/{rel}","templated":true}]}}