{"id":12753881,"date":"2025-01-30T08:00:38","date_gmt":"2025-01-30T07:00:38","guid":{"rendered":"https:\/\/okdiario.com\/metabolic\/?p=12753881"},"modified":"2025-01-29T22:59:15","modified_gmt":"2025-01-29T21:59:15","slug":"jamas-te-hagas-esta-manicura-una-dermatologa-advierte-del-peor-peligro","status":"publish","type":"post","link":"https:\/\/okdiario.com\/metabolic\/cosmetica\/jamas-te-hagas-esta-manicura-una-dermatologa-advierte-del-peor-peligro-12753881\/","title":{"rendered":"Jam\u00e1s te hagas esta manicura: una dermat\u00f3loga advierte del peor peligro"},"content":{"rendered":"<p>En el mundo de la <strong>belleza y el cuidado personal,<\/strong> las manicuras con l\u00e1mparas UV se han popularizado por ofrecer resultados duraderos y est\u00e9ticamente atractivos. Sin embargo, su seguridad ha sido motivo de debate entre expertos y consumidores. Las l\u00e1mparas UV, empleadas com\u00fanmente para endurecer geles y esmaltes, utilizan radiaci\u00f3n ultravioleta que puede tener efectos adversos sobre la piel. Aunque la mayor\u00eda de los tratamientos de manicura son breves, la exposici\u00f3n acumulativa a la radiaci\u00f3n UV puede incrementar el riesgo de c\u00e1ncer de<a href=\"https:\/\/okdiario.com\/metabolic\/cosmetica\/cuerpo\/ni-te-verde-ni-kombucha-la-bebida-natural-clave-para-mantener-tu-piel-firme-12749802\/\"> piel<\/a> y acelerar el envejecimiento cut\u00e1neo.<\/p>\n<p>Un estudio reciente, discutido en un <a href=\"https:\/\/www.instagram.com\/reel\/DAiwtxBxIxV\/?utm_source=ig_embed\" target=\"_blank\" rel=\"noopener\">reel de Instagram<\/a>, plantea dudas sobre la seguridad de estas pr\u00e1cticas y sugiere la necesidad de una regulaci\u00f3n m\u00e1s estricta. M\u00e1s all\u00e1 de las consideraciones individuales sobre la salud, el uso de l\u00e1mparas UV en las manicuras tambi\u00e9n engloba temas sociales m\u00e1s amplios. En el \u00e1mbito de la salud p\u00fablica, el incremento en el uso de estas tecnolog\u00edas exige una mayor educaci\u00f3n y concienciaci\u00f3n sobre las medidas de seguridad adecuadas. Las campa\u00f1as de salud p\u00fablica pueden desempe\u00f1ar un papel crucial en la educaci\u00f3n de los consumidores sobre los <strong>riesgos de la radiaci\u00f3n UV y<\/strong> las mejores pr\u00e1cticas para minimizar su exposici\u00f3n. Adem\u00e1s, la industria de la belleza enfrenta el desaf\u00edo de equilibrar la demanda del consumidor por resultados r\u00e1pidos y duraderos con la necesidad de mantener pr\u00e1cticas seguras y \u00e9ticas. Mirando hacia el futuro, la tendencia hacia alternativas m\u00e1s seguras y sostenibles probablemente se acelerar\u00e1.<\/p>\n<h2>Manicura con l\u00e1mparas UV: belleza e inquietudes dermatol\u00f3gicas<\/h2>\n<p>Los avances en la qu\u00edmica de los pol\u00edmeros pueden llevar al desarrollo de nuevos geles y esmaltes que no requieren curado UV, o que utilizan tecnolog\u00edas de luz con menores riesgos asociados.<\/p>\n<p>Asimismo, la regulaci\u00f3n tend\u00eda un papel m\u00e1s activo en la definici\u00f3n de normas de seguridad para los dispositivos UV utilizados en est\u00e9tica, similar a c\u00f3mo se regulan otros dispositivos m\u00e9dicos y cosm\u00e9ticos. El trabajo entre dermat\u00f3logos, cient\u00edficos y fabricantes ser\u00e1 esencial para desarrollar soluciones que aseguren la salud de la piel sin comprometer la calidad y el desempe\u00f1o de los productos cosm\u00e9ticos.<\/p>\n<h3>Mensaje de calma de la academia de dermatolog\u00eda<\/h3>\n<p>Frente a la preocupaci\u00f3n creciente, la <a href=\"https:\/\/aedv.es\/wp-content\/uploads\/2023\/02\/NP_2023_02_07_Los-dermatologos-lanzan-un-mensaje-de-calma-en-cuanto-a-los-peligros-de-las-lamparas-de-manicura.pdf\" target=\"_blank\" rel=\"noopener\">Academia Espa\u00f1ola de Dermatolog\u00eda y Venereolog\u00eda<\/a> ha emitido un comunicado que busca tranquilizar al p\u00fablico. Los expertos de la academia destacan que, aunque el riesgo no es insignificante, es relativamente bajo en comparaci\u00f3n con otras fuentes m\u00e1s intensas y prolongadas de radiaci\u00f3n UV. La clave, se\u00f1alan, est\u00e1 en el uso responsable y moderado de estas tecnolog\u00edas.<\/p>\n<h3>Medidas preventivas recomendadas<\/h3>\n<p>Para minimizar los riesgos asociados de la manicura con las l\u00e1mparas UV, los dermat\u00f3logos recomiendan varias pr\u00e1cticas de seguridad:<\/p>\n<ul>\n<li>Uso de protector solar: aplicar un protector solar de amplio espectro en las manos, especialmente alrededor de las u\u00f1as, puede bloquear o reducir significativamente la penetraci\u00f3n de la radiaci\u00f3n ultravioleta.<\/li>\n<li>Limitar la frecuencia de las sesiones: reducir la cantidad de visitas al sal\u00f3n para tratamientos que requieren exposici\u00f3n a UV.<\/li>\n<li>Explorar alternativas: considerar esmaltes y geles que no requieren luz UV para su curado.<\/li>\n<\/ul>\n<h3>Avances y alternativas tecnol\u00f3gicas<\/h3>\n<p>La industria de la belleza, consciente de estas preocupaciones, est\u00e1 innovando con alternativas m\u00e1s seguras. Algunos salones ahora ofrecen l\u00e1mparas LED, que, aunque tambi\u00e9n emiten radiaci\u00f3n UV, lo hacen en un espectro m\u00e1s estrecho y por periodos m\u00e1s cortos, lo que potencialmente reduce el da\u00f1o a la piel.<\/p>\n<h3>La perspectiva de los profesionales de la belleza<\/h3>\n<p>La voz de los profesionales de la belleza tambi\u00e9n es fundamental en esta discusi\u00f3n. Estilistas y t\u00e9cnicos de u\u00f1as est\u00e1n en la primera l\u00ednea de uso de l\u00e1mparas UV y su experiencia con estas herramientas ofrece insights valiosos sobre pr\u00e1cticas seguras y efectivas.<\/p>\n<p>Estos profesionales suelen abogar por entrenamientos y certificaciones m\u00e1s rigurosos en el uso de la tecnolog\u00eda UV para garantizar que se apliquen de manera segura. Adem\u00e1s, muchas salas de belleza ya est\u00e1n tomando la iniciativa de informar a sus clientes sobre los riesgos potenciales y las precauciones necesarias, fomentando as\u00ed un ambiente de transparencia y confianza.<\/p>\n<h3>Compromiso con la innovaci\u00f3n y seguridad<\/h3>\n<p>Finalmente, el compromiso con la innovaci\u00f3n y la seguridad debe ser un esfuerzo conjunto entre fabricantes, reguladores y la comunidad m\u00e9dica. A medida que m\u00e1s estudios salen, clarificando los <strong>riesgos y estableciendo l\u00edmites seguros para la exposici\u00f3n<\/strong> a la radiaci\u00f3n UV, la industria debe adaptarse r\u00e1pidamente para incorporar estas nuevas evidencias en sus pr\u00e1cticas y productos.<\/p>\n<p>Esta adaptabilidad no solo proteger\u00e1 la salud de los consumidores, sino que tambi\u00e9n preservar\u00e1 la integridad y la reputaci\u00f3n de la industria de la belleza a largo plazo.<\/p>\n<p>Seg\u00fan la <a href=\"https:\/\/www.aimatmelanoma.org\/es\/Explicando-con-precisi%C3%B3n-la-exposici%C3%B3n-a-los-rayos-ultravioleta-que-se-produce-durante-el-curado-y-secado-de-una-manicura.\/\" target=\"_blank\" rel=\"noopener\">AT Melanoma Fundation<\/a>, el crecimiento de la popularidad de las manicuras con l\u00e1mparas UV ha tra\u00eddo consigo tanto beneficios est\u00e9ticos como preocupaciones de salud. Mientras que la comunidad m\u00e9dica contin\u00faa evaluando los riesgos a largo plazo, la adopci\u00f3n de medidas preventivas y el desarrollo de tecnolog\u00edas m\u00e1s seguras son pasos cr\u00edticos hacia un enfoque m\u00e1s saludable y consciente de la belleza.<\/p>\n<p>&nbsp;<\/p>\n<p>&nbsp;<\/p>\n","protected":false},"excerpt":{"rendered":"<p>En el mundo de la belleza y el cuidado personal, las manicuras con l\u00e1mparas UV se han popularizado por ofrecer resultados duraderos y est\u00e9ticamente atractivos. Sin embargo, su seguridad ha sido motivo de debate entre expertos y consumidores. Las l\u00e1mparas UV, empleadas com\u00fanmente para endurecer geles y esmaltes, utilizan radiaci\u00f3n ultravioleta que puede tener efectos [&hellip;]<\/p>\n","protected":false},"author":4,"featured_media":12753884,"comment_status":"closed","ping_status":"closed","sticky":false,"template":"","format":"standard","meta":{"inline_featured_image":false,"jnews-multi-image_gallery":[],"jnews_single_post":{"format":"standard","override":[{"template":"10","single_blog_custom":"0","layout":"no-sidebar-narrow","sidebar":"single-sidebar","second_sidebar":"single-sidebar","sticky_sidebar":"1","share_position":"bottom","share_float_style":"share-monocrhome","show_featured":"1","show_post_meta":"1","show_post_author":"1","show_post_author_image":"1","show_post_date":"1","post_date_format":"custom","post_date_format_custom":"d\/m\/Y","show_post_category":"1","post_reading_time_wpm":"300","post_calculate_word_method":"str_word_count","zoom_button_out_step":"2","zoom_button_in_step":"3","show_post_tag":"1","number_popup_post":"1","show_author_box":"1","show_post_related":"1","show_inline_post_related":"1"}],"image_override":[{"single_post_thumbnail_size":"no-crop","single_post_gallery_size":"crop-715"}],"trending_post_position":"meta","trending_post_label":"Trending","sponsored_post_label":"Sponsored by","disable_ad":"0","subtitle":"U\u00f1as"},"jnews_primary_category":[],"jnews_social_meta":[],"jnews_review":[],"enable_review":"","type":"percentage","name":"","summary":"","brand":"","sku":"","good":[],"bad":[],"score_override":"","override_value":"","rating":[],"price":[],"jnews_override_counter":{"view_counter_number":"0","share_counter_number":"0","like_counter_number":"0","dislike_counter_number":"0"},"jnews_post_split":{"post_split":[{"template":"1","tag":"h2","numbering":"asc","mode":"normal","first":"0","enable_toc":"0","toc_type":"normal"}]},"footnotes":""},"categories":[23,2],"tags":[1565],"class_list":["post-12753881","post","type-post","status-publish","format-standard","has-post-thumbnail","hentry","category-cosmetica","category-salud","tag-tendencias"],"amp_enabled":true,"_links":{"self":[{"href":"https:\/\/okdiario.com\/metabolic\/wp-json\/wp\/v2\/posts\/12753881","targetHints":{"allow":["GET"]}}],"collection":[{"href":"https:\/\/okdiario.com\/metabolic\/wp-json\/wp\/v2\/posts"}],"about":[{"href":"https:\/\/okdiario.com\/metabolic\/wp-json\/wp\/v2\/types\/post"}],"author":[{"embeddable":true,"href":"https:\/\/okdiario.com\/metabolic\/wp-json\/wp\/v2\/users\/4"}],"replies":[{"embeddable":true,"href":"https:\/\/okdiario.com\/metabolic\/wp-json\/wp\/v2\/comments?post=12753881"}],"version-history":[{"count":2,"href":"https:\/\/okdiario.com\/metabolic\/wp-json\/wp\/v2\/posts\/12753881\/revisions"}],"predecessor-version":[{"id":12753887,"href":"https:\/\/okdiario.com\/metabolic\/wp-json\/wp\/v2\/posts\/12753881\/revisions\/12753887"}],"wp:featuredmedia":[{"embeddable":true,"href":"https:\/\/okdiario.com\/metabolic\/wp-json\/wp\/v2\/media\/12753884"}],"wp:attachment":[{"href":"https:\/\/okdiario.com\/metabolic\/wp-json\/wp\/v2\/media?parent=12753881"}],"wp:term":[{"taxonomy":"category","embeddable":true,"href":"https:\/\/okdiario.com\/metabolic\/wp-json\/wp\/v2\/categories?post=12753881"},{"taxonomy":"post_tag","embeddable":true,"href":"https:\/\/okdiario.com\/metabolic\/wp-json\/wp\/v2\/tags?post=12753881"}],"curies":[{"name":"wp","href":"https:\/\/api.w.org\/{rel}","templated":true}]}}