{"id":12735432,"date":"2024-07-10T11:00:05","date_gmt":"2024-07-10T09:00:05","guid":{"rendered":"https:\/\/okdiario.com\/metabolic\/?p=12735432"},"modified":"2024-07-10T08:32:23","modified_gmt":"2024-07-10T06:32:23","slug":"si-eres-alergico-esto-es-importante-las-frutas-que-debes-mantener-alejadas","status":"publish","type":"post","link":"https:\/\/okdiario.com\/metabolic\/dietetica\/alimentos\/si-eres-alergico-esto-es-importante-las-frutas-que-debes-mantener-alejadas-12735432\/","title":{"rendered":"Si eres al\u00e9rgico esto es importante: las frutas que debes mantener alejadas si no quieres tener un problema"},"content":{"rendered":"<p>Si eres de las personas que sufren varias alergias, es importante tener presente cu\u00e1les son aquellas cosas o comidas que las causan para que las personas que nos rodean puedan saberlo y evitarlas. En estas \u00e9pocas de verano, la ingesta de <a href=\"https:\/\/okdiario.com\/metabolic\/dietetica\/alimentos\/atencion-a-estas-frutas-no-elevan-el-azucar-en-sangre-y-van-bien-para-todas-las-horas-del-dia-12733460\/\">frutas<\/a> en mayor debido a que son frescas y ayudan a mantenerse hidratados, sin embargo, puede haber quienes sean al\u00e9rgicos a las mismas, por diversas razones, sin embargo, sus s\u00edntomas pueden llegar a ser letales. Ten presente saber cu\u00e1les son las <strong>frutas que debes tener alejadas si eres al\u00e9rgico.<\/strong><\/p>\n<p>Cabe destacar que, seg\u00fan la <a href=\"https:\/\/seicap.es\/semana-mundial-de-la-alergia\/\" target=\"_blank\" rel=\"noopener\">Sociedad Espa\u00f1ola de Inmunolog\u00eda Cl\u00ednica, Alergolog\u00eda y Asma Pedi\u00e1trica<\/a>,\u00a0 \u00ablas alergias alimentarias son reacciones adversas del sistema inmunol\u00f3gico que ocurren cuando una persona consume un alimento espec\u00edfico. Estas reacciones pueden variar desde leves, como urticaria, hasta graves y potencialmente mortales, como la anafilaxia\u00bb, por lo que es fundamental trabajar sobre la<strong> creaci\u00f3n de conciencia en torno<\/strong> a esta problem\u00e1tica que crece a\u00f1o a a\u00f1o y que puede afectar de forma importante a la calidad de vida de las personas que tienen que restringir su dieta en torno a ciertas recomendaciones para evitar este tipo de afecciones.<\/p>\n<h2>\u00bfCu\u00e1les son las frutas que debes mantener alejadas si eres al\u00e9rgico?<\/h2>\n<p>Si bien las alergias a las frutas pueden desarrollarse por varias causas, es importante que se consulte con un profesional de la salud para detectar antes cu\u00e1l es el agente alerg\u00e9nico y brindar el tratamiento adecuado a cada caso. Eventualmente, tambi\u00e9n es importante poner en alerta al entorno con el fin de evitar que incluyan el alimento que causa alergia en alguna preparaci\u00f3n y pueda causar una reacci\u00f3n.<\/p>\n<p>Seg\u00fan la <a href=\"https:\/\/www.seaic.org\/profesionales\/blogs\/alergia-a-alimentos\/alergia-a-prunaceas.html\" target=\"_blank\" rel=\"noopener\">Sociedad Espa\u00f1ola de Alergolog\u00eda e Inmunolog\u00eda Cl\u00ednica<\/a>, en verano, que es cuando aumenta el consumo de frutas de la familia de las prun\u00e1ceas, se suelen detectar (y son responsables) <strong>del 70% de las reacciones al\u00e9rgicas a las frutas<\/strong>. Es decir, que, en esta estaci\u00f3n del a\u00f1o, las frutas que contienen un hueso en su interior producen el 70% de las reacciones al\u00e9rgicas.<\/p>\n<p>Sin embargo, hay algunas como las <a href=\"https:\/\/okdiario.com\/metabolic\/dietetica\/alimentos\/deja-de-comer-estas-manzanas-los-expertos-avisan-de-que-no-son-tan-saludables-12732444\/\">manzanas<\/a>, peras o las <a href=\"https:\/\/okdiario.com\/metabolic\/dietetica\/alimentos\/cereza-beneficios-propiedades-y-usos-370\/\">cerezas<\/a>, que tambi\u00e9n pueden causar grandes afecciones fundamentalmente a aquellas personas que son al\u00e9rgicas al polen de abedul; o tambi\u00e9n est\u00e1n <a href=\"https:\/\/okdiario.com\/metabolic\/dietetica\/alimentos\/kiwi-29\/\">el kiwi<\/a> y <a href=\"https:\/\/okdiario.com\/metabolic\/dietetica\/vitaminas\/carotenos-12739685\/\">los<\/a> pl\u00e1tanos, que afectan principalmente a <strong>quienes son al\u00e9rgicos al l\u00e1tex<\/strong>; o al <a href=\"https:\/\/okdiario.com\/metabolic\/dietetica\/alimentos\/mango-2361\/\">mango<\/a>, en quienes son al\u00e9rgicos al polen de roble, o a los anacardos.<\/p>\n<p>Es decir, hay varias frutas que pueden ser al\u00e9rgicas o bien estar cerca de alg\u00fan agente que nos produce alergia y lo trae consigo en la c\u00e1scara, por lo que es esencial consultar a un especialista para que detecte el causante de la reacci\u00f3n y nos brinde el asesoramiento necesario tanto para el tratamiento, adem\u00e1s de trabajar en la prevenci\u00f3n, poniendo en alerta a nuestro entorno.<\/p>\n<p>Por su parte, Cl\u00ednica Quir\u00f3n nombra algunas de las frutas que causan mayor cantidad de alergias. Nombra que el <strong>70% de las alergias a las frutas son causadas por las ros\u00e1ceas<\/strong>. Del mismo modo, otras frutas, como las tropicales, o las de pelo, etc., tambi\u00e9n pueden originar estas reacciones de tipo al\u00e9rgico.<\/p>\n<p>Respecto al melocot\u00f3n, antes se pensaba que la alergia a esta fruta se produc\u00eda por entrar en contacto con la pelusilla de esta fruta, puesto que pod\u00eda contener part\u00edculas de polen. Sin embargo, hoy en d\u00eda est\u00e1 demostrado que se trata de una alergia a <a href=\"https:\/\/okdiario.com\/metabolic\/deporte\/suplementos\/proteinas-572\/\">las prote\u00ednas<\/a> de su piel.<\/p>\n<p>Si se sospecha que un ni\u00f1o puede tener esta reacci\u00f3n al\u00e9rgica, lo m\u00e1s adecuado es evitar su consumo y acudir a la consulta para que podamos evaluarlo.<\/p>\n<h3>\u00bfQu\u00e9 s\u00edntomas tienen si eres al\u00e9rgico a las frutas?<\/h3>\n<p>Por lo general, cuando se presenta de alguna forma el agente que nos causa la alergia, suelen aparecer los estornudos, la picaz\u00f3n en o\u00eddos, garganta o boca; as\u00ed como tambi\u00e9n algunas reacciones en la piel como <strong>irritaci\u00f3n, hinchaz\u00f3n, enrojecimiento y picor.<\/strong><\/p>\n<p>En casos m\u00e1s graves, pueden producirse descomposturas, diarrea, dolor abdominal y n\u00e1useas; sin embargo todo depende del tipo de gravedad que represente el agente alerg\u00e9nico en nuestro organismo.<\/p>\n<p>En un episodio agudo de alergia puede presentarse anafilaxia, que es la reacci\u00f3n m\u00e1s grave, que ocurre de manera espont\u00e1nea, afecta a todo el cuerpo, y hasta puede producir la muerte si no se atiende a tiempo.<\/p>\n<p>Sea la gravedad que sea, es fundamental consultar con un profesional de la salud tanto para el <strong>tratamiento del momento de crisis de la alergia<\/strong> (es decir, cuando los s\u00edntomas se presentan de lleno), as\u00ed como tambi\u00e9n para poder medicarlo, si es que puede haber una terapia para la misma.<\/p>\n<p>Finalmente, es importante que el entorno conozca las restricciones alimenticias que puede producir la alergia a la fruta, ya que es importante que se accione r\u00e1pidamente en el caso de que haya que intervenir, pero tambi\u00e9n para evitar contaminaciones cruzadas a la hora de preparar alimentos, o bien, excluir dentro de los men\u00fas del d\u00eda a d\u00eda aquella fruta que puede poner en riesgo la integridad f\u00edsica de quien es al\u00e9rgico.<\/p>\n<p>&nbsp;<\/p>\n","protected":false},"excerpt":{"rendered":"<p>Si eres de las personas que sufren varias alergias, es importante tener presente cu\u00e1les son aquellas cosas o comidas que las causan para que las personas que nos rodean puedan saberlo y evitarlas. En estas \u00e9pocas de verano, la ingesta de frutas en mayor debido a que son frescas y ayudan a mantenerse hidratados, sin [&hellip;]<\/p>\n","protected":false},"author":4,"featured_media":12732039,"comment_status":"closed","ping_status":"closed","sticky":false,"template":"","format":"standard","meta":{"inline_featured_image":false,"jnews-multi-image_gallery":[],"jnews_single_post":{"source_name":"","source_url":"","via_name":"","via_url":"","override_template":"0","override":[{"template":"10","single_blog_custom":"","parallax":"0","fullscreen":"0","layout":"no-sidebar-narrow","sidebar":"single-sidebar","second_sidebar":"single-sidebar","sticky_sidebar":"1","share_position":"hide","share_float_style":"share-monocrhome","show_share_counter":"0","show_view_counter":"0","show_featured":"1","show_post_meta":"1","show_post_author":"1","show_post_author_image":"1","show_post_date":"1","post_date_format":"default","post_date_format_custom":"Y\/m\/d","show_post_category":"1","show_post_reading_time":"0","post_reading_time_wpm":"300","post_calculate_word_method":"str_word_count","show_zoom_button":"0","zoom_button_out_step":"2","zoom_button_in_step":"3","show_post_tag":"1","show_prev_next_post":"1","show_popup_post":"0","number_popup_post":"1","show_author_box":"1","show_post_related":"1","show_inline_post_related":"0"}],"override_image_size":"0","image_override":[{"single_post_thumbnail_size":"no-crop","single_post_gallery_size":"crop-715"}],"trending_post":"0","trending_post_position":"meta","trending_post_label":"Trending","sponsored_post":"0","sponsored_post_label":"Sponsored by","sponsored_post_name":"","sponsored_post_url":"","sponsored_post_logo_enable":"0","sponsored_post_logo":"","sponsored_post_desc":"","disable_ad":"0"},"jnews_primary_category":{"id":"","hide":""},"jnews_social_meta":{"fb_title":"","fb_description":"","fb_image":"","twitter_title":"","twitter_description":"","twitter_image":""},"jnews_review":[],"enable_review":"0","type":"percentage","name":"","summary":"","brand":"","sku":"","good":[{"good_text":""}],"bad":[{"bad_text":""}],"score_override":"0","override_value":"","rating":[{"rating_text":"","rating_number":"10"}],"price":[{"shop":"","price":"","link":"","icon":""}],"jnews_override_counter":{"override_view_counter":"0","view_counter_number":"0","override_share_counter":"0","share_counter_number":"0","override_like_counter":"0","like_counter_number":"0","override_dislike_counter":"0","dislike_counter_number":"0"},"jnews_post_split":{"enable_post_split":"0","post_split":[{"template":"1","tag":"h2","numbering":"asc","mode":"normal","first":"0","enable_toc":"0","toc_type":"normal"}]},"footnotes":""},"categories":[18],"tags":[],"class_list":["post-12735432","post","type-post","status-publish","format-standard","has-post-thumbnail","hentry","category-alimentos"],"amp_enabled":true,"_links":{"self":[{"href":"https:\/\/okdiario.com\/metabolic\/wp-json\/wp\/v2\/posts\/12735432","targetHints":{"allow":["GET"]}}],"collection":[{"href":"https:\/\/okdiario.com\/metabolic\/wp-json\/wp\/v2\/posts"}],"about":[{"href":"https:\/\/okdiario.com\/metabolic\/wp-json\/wp\/v2\/types\/post"}],"author":[{"embeddable":true,"href":"https:\/\/okdiario.com\/metabolic\/wp-json\/wp\/v2\/users\/4"}],"replies":[{"embeddable":true,"href":"https:\/\/okdiario.com\/metabolic\/wp-json\/wp\/v2\/comments?post=12735432"}],"version-history":[{"count":2,"href":"https:\/\/okdiario.com\/metabolic\/wp-json\/wp\/v2\/posts\/12735432\/revisions"}],"predecessor-version":[{"id":12735441,"href":"https:\/\/okdiario.com\/metabolic\/wp-json\/wp\/v2\/posts\/12735432\/revisions\/12735441"}],"wp:featuredmedia":[{"embeddable":true,"href":"https:\/\/okdiario.com\/metabolic\/wp-json\/wp\/v2\/media\/12732039"}],"wp:attachment":[{"href":"https:\/\/okdiario.com\/metabolic\/wp-json\/wp\/v2\/media?parent=12735432"}],"wp:term":[{"taxonomy":"category","embeddable":true,"href":"https:\/\/okdiario.com\/metabolic\/wp-json\/wp\/v2\/categories?post=12735432"},{"taxonomy":"post_tag","embeddable":true,"href":"https:\/\/okdiario.com\/metabolic\/wp-json\/wp\/v2\/tags?post=12735432"}],"curies":[{"name":"wp","href":"https:\/\/api.w.org\/{rel}","templated":true}]}}