{"id":12730976,"date":"2024-06-16T17:00:47","date_gmt":"2024-06-16T15:00:47","guid":{"rendered":"https:\/\/okdiario.com\/metabolic\/?p=12730976"},"modified":"2024-05-29T10:24:39","modified_gmt":"2024-05-29T08:24:39","slug":"cabello-en-verano","status":"publish","type":"post","link":"https:\/\/okdiario.com\/metabolic\/cosmetica\/pelo\/cabello-en-verano-12730976\/","title":{"rendered":"Cabello en verano: 7 trucos para prepararlo para el calor y protegerlo del sol"},"content":{"rendered":"<p>El<strong> cabello en verano<\/strong> enfrenta una serie de desaf\u00edos que pueden deteriorar su salud y apariencia. El sol, la sal del mar, el<strong> <a href=\"https:\/\/okdiario.com\/salud\/cloro-piscina-puede-ser-perjudicial-salud-bucal-7611069\">cloro de las piscinas<\/a><\/strong> y el calor en general pueden causar da\u00f1os significativos, dej\u00e1ndonos con un <a href=\"https:\/\/okdiario.com\/metabolic\/dietetica\/alimentos\/el-alimento-que-toman-victoria-beckham-y-la-reina-letizia-para-tener-la-piel-y-el-pelo-brillante-12730200\/\"><strong>pelo seco, quebradizo y sin brillo<\/strong><\/a>. Estos factores ambientales, sumados al aumento de la <a href=\"https:\/\/okdiario.com\/salud\/exceso-sudor-tu-cabeza-como-evitarlo-7638309\"><strong>sudoraci\u00f3n<\/strong> <\/a>y a la mayor frecuencia de lavados, pueden despojar al cabello de sus aceites naturales y provocar deshidrataci\u00f3n y p\u00e9rdida de color.<\/p>\n<p><strong>Para disfrutar del verano sin comprometer la salud de tu melena, es esencial adoptar una rutina de cuidado capilar espec\u00edfica para esta estaci\u00f3n<\/strong>. No se trata solo de aplicar productos protectores, sino tambi\u00e9n de modificar ciertos h\u00e1bitos y prestar atenci\u00f3n a las necesidades cambiantes del cabello en esta \u00e9poca del a\u00f1o. A continuaci\u00f3n, te presentamos <strong>siete trucos infalibles para mantener tu cabello en \u00f3ptimas condiciones durante el verano.<\/strong><\/p>\n<h2>7 trucos para el cabello en verano<\/h2>\n<p>Al margen de proteger el cabello y aportarle la hidrataci\u00f3n necesaria, durante la temporada de verano es tambi\u00e9n importante cuidar la alimentaci\u00f3n, usar bien los productos antes y tras exponerse al sol e incluso el corte regular de las puntas. <strong>Conozcamos todos esos trucos y m\u00e1s a continuaci\u00f3n.<\/strong><\/p>\n<h3>Protecci\u00f3n solar para el cabello en verano<\/h3>\n<p>As\u00ed como protegemos nuestra piel con protector solar, es fundamental aplicar productos que protejan nuestro cabello de los rayos UV. Existen sprays y aceites capilares con filtros solares que crean una barrera protectora contra los efectos da\u00f1inos del sol. Estos productos no solo <strong>evitan la decoloraci\u00f3n, sino que tambi\u00e9n previenen la sequedad y el da\u00f1o estructural.<\/strong> Es recomendable aplicarlos antes de exponerse al sol y repetir su uso despu\u00e9s de nadar o sudar en exceso.<\/p>\n<h3>Hidrataci\u00f3n intensiva<\/h3>\n<p>El calor y el sol pueden deshidratar el cabello r\u00e1pidamente, dej\u00e1ndolo seco y quebradizo. Para combatir este efecto, es esencial utilizar <strong>mascarillas hidratantes al menos una vez por semana.<\/strong> Opta por <a href=\"https:\/\/www.amazon.es\/mascarilla-hidratante-cabello\/s?k=mascarilla+hidratante+cabello\" rel=\"nofollow noopener\" target=\"_blank\"><strong>productos<\/strong> <\/a>que contengan ingredientes nutritivos como el aceite de arg\u00e1n, la manteca de karit\u00e9 o el <a href=\"https:\/\/okdiario.com\/metabolic\/salud\/fitoterapia\/aloe-vera-12728715\/\">aloe vera<\/a>. Adem\u00e1s, considera la posibilidad de utilizar acondicionadores sin enjuague, que proporcionan hidrataci\u00f3n continua durante todo el d\u00eda.<\/p>\n<h3>Evitar el uso excesivo de herramientas de calor<\/h3>\n<p>Durante el verano, es preferible <strong>reducir al m\u00ednimo el uso de secadores, planchas y rizadores<\/strong>. El calor adicional de estas herramientas puede exacerbar los da\u00f1os causados por el sol y la deshidrataci\u00f3n. En su lugar, aprovecha la oportunidad para experimentar con peinados naturales y dejar que tu cabello se seque al aire libre. Si necesitas usar herramientas de calor, aseg\u00farate de aplicar un protector t\u00e9rmico previamente.<\/p>\n<h3>Enjuague con agua dulce despu\u00e9s de nadar<\/h3>\n<p>Tanto el agua salada del mar como el cloro de las piscinas pueden tener efectos perjudiciales sobre el cabello, provocando sequedad, decoloraci\u00f3n y fragilidad. Despu\u00e9s de nadar, <strong>es crucial enjuagar el cabello con agua dulce lo antes posible para eliminar residuos de sal y cloro,<\/strong> ya que estos elementos pueden despojar al cabello de sus aceites naturales y dejarlo quebradizo. Este simple paso ayuda a prevenir la sequedad y la rotura del cabello, manteni\u00e9ndolo m\u00e1s saludable y manejable. Si es posible, lleva contigo una botella de agua dulce para enjuagarte inmediatamente despu\u00e9s de salir del agua, asegur\u00e1ndote de eliminar cualquier residuo da\u00f1ino antes de que tenga la oportunidad de penetrar en el cabello.<\/p>\n<h3>Uso de sombreros y pa\u00f1uelos<\/h3>\n<p>Los accesorios como sombreros, gorros y pa\u00f1uelos no solo son una opci\u00f3n estil\u00edstica, sino que tambi\u00e9n ofrecen una protecci\u00f3n adicional contra el sol. Estos elementos act\u00faan como una <strong>barrera f\u00edsica que protege el cuero cabelludo y el cabello de los rayos UV<\/strong>. Adem\u00e1s, ayudan a mantener el cabello cubierto y protegido del viento y el polvo, que tambi\u00e9n pueden contribuir al da\u00f1o capilar.<\/p>\n<h3>Alimentaci\u00f3n adecuada para el cabello en verano<\/h3>\n<p><a href=\"https:\/\/okdiario.com\/metabolic\/dietetica\/dietas\/dieta-equilibrada-12735542\/\">Una dieta equilibrada<\/a> y rica en nutrientes es esencial para mantener el cabello sano, especialmente en verano. Aseg\u00farate de consumir suficientes vitaminas y minerales, como la <strong><a href=\"https:\/\/okdiario.com\/metabolic\/dietetica\/vitaminas\/vitamina-e-12729827\/\">vitamina E<\/a>, <a href=\"https:\/\/okdiario.com\/metabolic\/salud\/compuestos-quimicos\/zinc-824\/\">el zinc<\/a> y los \u00e1cidos grasos omega-3<\/strong>, que son fundamentales para la salud capilar. Incluye en tu dieta alimentos como nueces, semillas, pescado, frutas y verduras frescas para proporcionar a tu cabello los nutrientes que necesita desde el interior.<\/p>\n<h3>Recorte regular de puntas<\/h3>\n<p>Durante el verano, el cabello tiende a da\u00f1arse m\u00e1s f\u00e1cilmente, especialmente en las puntas. Para <strong>mantener un aspecto saludable y evitar las puntas abiertas<\/strong>, es recomendable realizar recortes regulares, al menos cada seis a ocho semanas. Esto no solo mejora la apariencia general del cabello, sino que tambi\u00e9n ayuda a prevenir da\u00f1os mayores y facilita el crecimiento saludable.<\/p>\n<p>Cuidar el cabello en verano requiere una atenci\u00f3n especial y la adopci\u00f3n de h\u00e1bitos saludables que lo protejan de los elementos. <strong>Siguiendo estos trucos, podr\u00e1s disfrutar del verano sin sacrificar la belleza y la salud de tu melena.<\/strong> Recuerda que un cabello bien cuidado no solo luce mejor, sino que tambi\u00e9n refleja un estado de bienestar general. \u00a1Prep\u00e1rate para lucir un cabello radiante y saludable durante toda la temporada estival!.<\/p>\n","protected":false},"excerpt":{"rendered":"<p>El cabello en verano enfrenta una serie de desaf\u00edos que pueden deteriorar su salud y apariencia. El sol, la sal del mar, el cloro de las piscinas y el calor en general pueden causar da\u00f1os significativos, dej\u00e1ndonos con un pelo seco, quebradizo y sin brillo. Estos factores ambientales, sumados al aumento de la sudoraci\u00f3n y [&hellip;]<\/p>\n","protected":false},"author":14,"featured_media":12730979,"comment_status":"closed","ping_status":"closed","sticky":false,"template":"","format":"standard","meta":{"inline_featured_image":false,"jnews-multi-image_gallery":[],"jnews_single_post":{"source_name":"","source_url":"","via_name":"","via_url":"","override_template":"0","override":[{"template":"10","single_blog_custom":"","parallax":"0","fullscreen":"0","layout":"no-sidebar-narrow","sidebar":"single-sidebar","second_sidebar":"single-sidebar","sticky_sidebar":"1","share_position":"hide","share_float_style":"share-monocrhome","show_share_counter":"0","show_view_counter":"0","show_featured":"1","show_post_meta":"1","show_post_author":"1","show_post_author_image":"1","show_post_date":"1","post_date_format":"default","post_date_format_custom":"Y\/m\/d","show_post_category":"1","show_post_reading_time":"0","post_reading_time_wpm":"300","show_zoom_button":"0","zoom_button_out_step":"2","zoom_button_in_step":"3","show_post_tag":"1","show_prev_next_post":"1","show_popup_post":"1","number_popup_post":"1","show_author_box":"1","show_post_related":"1","show_inline_post_related":"0"}],"override_image_size":"0","image_override":[{"single_post_thumbnail_size":"no-crop","single_post_gallery_size":"crop-715"}],"trending_post":"0","trending_post_position":"meta","trending_post_label":"Trending","sponsored_post":"0","sponsored_post_label":"Sponsored by","sponsored_post_name":"","sponsored_post_url":"","sponsored_post_logo_enable":"0","sponsored_post_logo":"","sponsored_post_desc":"","disable_ad":"0"},"jnews_primary_category":{"id":"","hide":""},"jnews_social_meta":{"fb_title":"","fb_description":"","fb_image":"","twitter_title":"","twitter_description":"","twitter_image":""},"jnews_review":[],"enable_review":"","type":"","name":"","summary":"","brand":"","sku":"","good":[],"bad":[],"score_override":"","override_value":"","rating":[],"price":[],"jnews_override_counter":[],"jnews_post_split":[],"footnotes":""},"categories":[89],"tags":[],"class_list":["post-12730976","post","type-post","status-publish","format-standard","has-post-thumbnail","hentry","category-pelo"],"amp_enabled":true,"_links":{"self":[{"href":"https:\/\/okdiario.com\/metabolic\/wp-json\/wp\/v2\/posts\/12730976","targetHints":{"allow":["GET"]}}],"collection":[{"href":"https:\/\/okdiario.com\/metabolic\/wp-json\/wp\/v2\/posts"}],"about":[{"href":"https:\/\/okdiario.com\/metabolic\/wp-json\/wp\/v2\/types\/post"}],"author":[{"embeddable":true,"href":"https:\/\/okdiario.com\/metabolic\/wp-json\/wp\/v2\/users\/14"}],"replies":[{"embeddable":true,"href":"https:\/\/okdiario.com\/metabolic\/wp-json\/wp\/v2\/comments?post=12730976"}],"version-history":[{"count":3,"href":"https:\/\/okdiario.com\/metabolic\/wp-json\/wp\/v2\/posts\/12730976\/revisions"}],"predecessor-version":[{"id":12730986,"href":"https:\/\/okdiario.com\/metabolic\/wp-json\/wp\/v2\/posts\/12730976\/revisions\/12730986"}],"wp:featuredmedia":[{"embeddable":true,"href":"https:\/\/okdiario.com\/metabolic\/wp-json\/wp\/v2\/media\/12730979"}],"wp:attachment":[{"href":"https:\/\/okdiario.com\/metabolic\/wp-json\/wp\/v2\/media?parent=12730976"}],"wp:term":[{"taxonomy":"category","embeddable":true,"href":"https:\/\/okdiario.com\/metabolic\/wp-json\/wp\/v2\/categories?post=12730976"},{"taxonomy":"post_tag","embeddable":true,"href":"https:\/\/okdiario.com\/metabolic\/wp-json\/wp\/v2\/tags?post=12730976"}],"curies":[{"name":"wp","href":"https:\/\/api.w.org\/{rel}","templated":true}]}}