{"id":25254,"date":"2026-04-28T06:29:00","date_gmt":"2026-04-28T11:29:00","guid":{"rendered":"https:\/\/okdiario.com\/metabolic\/en\/?p=25254"},"modified":"2026-04-28T03:29:44","modified_gmt":"2026-04-28T08:29:44","slug":"neurology-suggests-that-when-memory-lapses-begin-to-occur-repeatedly-the-real-mistake-is-not-only-to-automatically-attribute-them-to-aging-but-also-to-miss-the-window-of-opportunity-during-which-cogni","status":"publish","type":"post","link":"https:\/\/okdiario.com\/metabolic\/en\/health\/neurology-suggests-that-when-memory-lapses-begin-to-occur-repeatedly-the-real-mistake-is-not-only-to-automatically-attribute-them-to-aging-but-also-to-miss-the-window-of-opportunity-during-which-cogni-25254\/","title":{"rendered":"Neurology suggests that when memory lapses begin to occur repeatedly, the real mistake is not only to automatically attribute them to aging, but also to miss the window of opportunity during which cognitive decline can still be detected, monitored, and addressed with a combination of strategies before independence begins to suffer"},"content":{"rendered":"\n<p>Forgetting a name once in a while is normal. But when memory slips start piling up, many people wonder the same thing. Is this just aging, or the start of something more serious?<\/p>\n\n\n\n<p>A new consensus document from Spain\u2019s neurogeriatrics specialists puts early detection and a multimodal prevention plan up front. Multimodal means combining tools like lifestyle changes, cognitive support, and medical nutrition. It also highlights Souvenaid as a clinical nutrition option for early Alzheimer-related cognitive impairment that can overlap with mild cognitive impairment.<\/p>\n\n\n\n<h2 class=\"wp-block-heading\">Mild cognitive impairment explained<\/h2>\n\n\n\n<p><a href=\"https:\/\/medlineplus.gov\/mildcognitiveimpairment.html\" target=\"_blank\" rel=\"noopener\">Mild cognitive impairment<\/a> is often described as a middle step between typical aging and dementia. The key difference is that a person can notice changes in memory or thinking, but still manages day-to-day life without losing independence. Some people stay stable for years, and a few improve.<\/p>\n\n\n\n<p>In a Spanish language statement, neurologist Mar\u00eda Jos\u00e9 Gil at Hospital Universitario Cl\u00ednico San Carlos in Madrid described the condition as involving \u201cmemory losses, <a href=\"https:\/\/okdiario.com\/metabolic\/en\/psychology\/most-people-dont-realize-that-the-apparent-disinterest-of-many-older-adults-isnt-always-apathy-or-indifference-its-often-a-more-selective-approach-to-life-25012\/\">behavioral changes<\/a>, changes in executive function or language,\u201d while daily independence is still preserved. Executive function is the brain\u2019s planning and self-control system. In plain terms, someone might struggle more with planning or finding words, but still pays bills and gets around on their own.<\/p>\n\n\n\n<div class=\"gb-element-a00da4e5\">\n<div><div class=\"gb-looper-46613eed\">\n<div class=\"gb-loop-item gb-loop-item-a2794443 post-25257 post type-post status-publish format-standard has-post-thumbnail hentry category-nutrition resize-featured-image\">\n<h3 class=\"gb-text gb-text-efc6e592\">Read More: <a href=\"https:\/\/okdiario.com\/metabolic\/en\/nutrition\/a-list-has-been-published-thats-making-people-rethink-their-go-to-steak-9-foods-that-according-to-the-report-may-contain-more-protein-than-a-3-ounce-22-25-g-steak-25257\/\">A list has been published that\u2019s making people rethink their go-to steak: 9 foods that, according to the report, may contain more protein than a 3-ounce (22\u201325 g) steak<\/a><\/h3>\n<\/div>\n<\/div><\/div>\n<\/div>\n\n\n\n<p>How common is it? Recent <a href=\"https:\/\/isanidad.com\/369649\/sen-situa-prevencion-clave-ante-deterioro-cognitivo-leve-que-afecta-tres-cada-diez-mayores\/\" target=\"_blank\" rel=\"noopener\">coverage of the release<\/a> put it at about three in ten people over 65 in Spain. An earlier 2019 <a href=\"https:\/\/www.sen.es\/saladeprensa\/pdf\/Link280.pdf\" target=\"_blank\" rel=\"noopener\">press release<\/a> estimated it closer to 15% in that age group, showing how hard it can be to pin down the condition with one number.<\/p>\n\n\n\n<h2 class=\"wp-block-heading\">Why early screening matters<\/h2>\n\n\n\n<p>The document\u2019s first big message is simple. Catch cognitive decline early, when there is still time to slow it down and plan support.<\/p>\n\n\n\n<p>That can include basic screening tools, which are short tests that check memory, attention, and problem solving. They are not a final diagnosis, but they can flag when someone should get a fuller evaluation.<\/p>\n\n\n\n<p>It also means thinking about the people around the patient. Cristina Fern\u00e1ndez Garc\u00eda, head of Neurology at Hospital Universitario La Moraleja in Madrid, said families carry an emotional, physical, and economic load that should be considered when planning care. For many households, the stress is not abstract, it is daily.<\/p>\n\n\n\n<h2 class=\"wp-block-heading\">A long list of risk factors people can change<\/h2>\n\n\n\n<p>Prevention is getting so much attention partly because of the size of the opportunity. The consensus points to evidence suggesting that acting on modifiable risks could prevent or delay up to 40% of dementia cases.<\/p>\n\n\n\n<p>Those risks are not mysterious. They include high blood pressure, diabetes, obesity, smoking, depression, hearing loss, and <a href=\"https:\/\/okdiario.com\/metabolic\/en\/health\/feeling-lonely-after-age-65-can-affect-memory-but-a-european-study-of-more-than-10000-adults-reveals-an-unexpected-twist-when-it-comes-to-brain-decline-24945\/\">social isolation<\/a>, plus head injuries and air pollution.<\/p>\n\n\n\n<p>In a Spanish language statement, Carmen Terr\u00f3n, a neurologist at Hospital Virgen del Rosario in Madrid and coordinator of the neurogeriatrics group, said \u201creducing dementia risk is crucial.\u201d The document also notes that people with <a href=\"https:\/\/okdiario.com\/metabolic\/en\/sports\/science-suggests-that-people-who-go-for-a-walk-every-day-arent-just-racking-up-steps-theyve-often-found-a-gentle-sustainable-way-to-protect-their-heart-stabilize-their-metabolism-an-24892\/\">low physical activity<\/a> have about a 30% higher risk of dementia, a reminder that movement is not just about muscles, it is also about brain health. Even small changes, like breaking up long sitting periods, can be part of the plan.<\/p>\n\n\n\n<h2 class=\"wp-block-heading\">The new role for medical nutrition<\/h2>\n\n\n\n<p>The consensus does not frame nutrition as a trendy add-on. It treats it as clinical nutrition, meaning targeted nutrition used under medical supervision for specific health needs.<\/p>\n\n\n\n<div class=\"gb-element-0ad3188c\">\n<div><div class=\"gb-looper-7df8e1e3\">\n<div class=\"gb-loop-item gb-loop-item-e1203a55 post-25257 post type-post status-publish format-standard has-post-thumbnail hentry category-nutrition resize-featured-image\">\n<h3 class=\"gb-text gb-text-9e0a98bc\">Read More: <a href=\"https:\/\/okdiario.com\/metabolic\/en\/nutrition\/a-list-has-been-published-thats-making-people-rethink-their-go-to-steak-9-foods-that-according-to-the-report-may-contain-more-protein-than-a-3-ounce-22-25-g-steak-25257\/\">A list has been published that\u2019s making people rethink their go-to steak: 9 foods that, according to the report, may contain more protein than a 3-ounce (22\u201325 g) steak<\/a><\/h3>\n<\/div>\n<\/div><\/div>\n<\/div>\n\n\n\n<p>Sagrario Manzano, a neurologist at Hospital Universitario Infanta Leonor in Madrid who also teaches at Complutense University of Madrid, said \u201c<a href=\"https:\/\/www.aesan.gob.es\/AECOSAN\/web\/seguridad_alimentaria\/subdetalle\/alimentos_usos_medicos.htm\" target=\"_blank\" rel=\"noopener\">medical foods<\/a>\u201d are formulated to meet dietary needs that cannot be handled by normal diet changes alone. In practical terms, they are meant for patients who need specific nutrients, with a clinician guiding how and when they are used.<\/p>\n\n\n\n<p>In that context, the document notes that Souvenaid is the only authorized medical food in Spain for cognitive impairment associated with early Alzheimer\u2019s disease. Souvenaid is produced by Danone Nutricia, and the company says it is continuing research in medical nutrition.<\/p>\n\n\n\n<h2 class=\"wp-block-heading\">What Souvenaid\u2019s studies have shown<\/h2>\n\n\n\n<p>So what does the evidence look like when you zoom in? The document describes four randomized clinical trials comparing Souvenaid with a placebo, meaning a look-alike drink without the active nutrient mix, in people with Alzheimer\u2019s dementia from mild to moderate.<\/p>\n\n\n\n<p>In moderate dementia, the trials did not show meaningful improvements in overall cognitive or daily function measures. In mild dementia, the overall results were also not clearly better, but some tests showed positive differences in memory and attention.<\/p>\n\n\n\n<p>The document also cites brain scan research suggesting healthier connectivity between brain regions, which researchers link to synapses, the connection points that help brain cells communicate. That is a promising idea, but it is also the kind of detail that needs careful follow-up in larger studies.<\/p>\n\n\n\n<h2 class=\"wp-block-heading\">What the research says, and what it does not<\/h2>\n\n\n\n<p>A separate clinical trial called the <a href=\"https:\/\/www.thelancet.com\/journals\/laneur\/article\/PIIS1474-4422%2817%2930332-0\/fulltext\" target=\"_blank\" rel=\"noopener\">LipiDiDiet study<\/a> looked at people with \u201cprodromal\u201d Alzheimer\u2019s disease, which is an early stage when symptoms are emerging. It did not find clear benefits on overall cognitive performance or progression to dementia, but it did report better memory scores and slower shrinkage in the hippocampus, a brain area closely tied to memory, over three years.<\/p>\n\n\n\n<p>This is where nuance matters. A <a href=\"https:\/\/www.cochranelibrary.com\/cdsr\/doi\/10.1002\/14651858.CD011679.pub2\/full\" target=\"_blank\" rel=\"noopener\">Cochrane review<\/a> published in 2020 concluded that Souvenaid probably does not reduce the risk of progressing to dementia in prodromal Alzheimer\u2019s disease, and it described the wider evidence as still controversial.<\/p>\n\n\n\n<div class=\"gb-element-7dafcd7c\">\n<div><div class=\"gb-looper-923c4bfe\">\n<div class=\"gb-loop-item gb-loop-item-a8390598 post-25047 post type-post status-publish format-standard has-post-thumbnail hentry category-nutrition resize-featured-image\">\n<h3 class=\"gb-text gb-text-24a51617\">Read More: <a href=\"https:\/\/okdiario.com\/metabolic\/en\/nutrition\/a-team-from-the-cnrs-has-identified-the-sugar-switch-that-triggers-memories-and-the-key-lay-in-some-hungry-flies-25047\/\">A team from the CNRS has identified the \u201csugar switch\u201d that triggers memories\u2026 and the key lay in some hungry flies<\/a><\/h3>\n<\/div>\n<\/div><\/div>\n<\/div>\n\n\n\n<p>At the same time, prevention experts continue to emphasize that nutrition is only one piece of a bigger puzzle. <a href=\"https:\/\/www.thelancet.com\/article\/S0140-6736%2820%2930367-6\/fulltext\" target=\"_blank\" rel=\"noopener\">The 2020 Lancet Commission report<\/a> estimated that around 40% of dementias could be prevented or delayed by addressing risks across a person\u2019s life, and its <a href=\"https:\/\/www.thelancet.com\/journals\/lancet\/article\/PIIS0140-6736(24)01296-0\/abstract\" target=\"_blank\" rel=\"noopener\">2024 update<\/a> raised that estimate by adding vision loss and high LDL cholesterol. So the takeaway is not that one product \u201csolves\u201d cognitive decline, but that combined strategies may buy time and that memory worries are worth raising with a doctor.<\/p>\n\n\n\n<p>The <a href=\"https:\/\/www.sen.es\/pdf\/2025\/DocumentoConsensoDeterioroCognitivo2025.pdf\" target=\"_blank\" rel=\"noopener\">main consensus document<\/a> has been published by the <em>Spanish Society of Neurology<\/em>.<\/p>\n","protected":false},"excerpt":{"rendered":"<p>Forgetting a name once in a while is normal. But when memory slips start piling up, many people wonder the &#8230; <\/p>\n<p class=\"read-more-container\"><a title=\"Neurology suggests that when memory lapses begin to occur repeatedly, the real mistake is not only to automatically attribute them to aging, but also to miss the window of opportunity during which cognitive decline can still be detected, monitored, and addressed with a combination of strategies before independence begins to suffer\" class=\"read-more button\" href=\"https:\/\/okdiario.com\/metabolic\/en\/health\/neurology-suggests-that-when-memory-lapses-begin-to-occur-repeatedly-the-real-mistake-is-not-only-to-automatically-attribute-them-to-aging-but-also-to-miss-the-window-of-opportunity-during-which-cogni-25254\/#more-25254\" aria-label=\"Read more about Neurology suggests that when memory lapses begin to occur repeatedly, the real mistake is not only to automatically attribute them to aging, but also to miss the window of opportunity during which cognitive decline can still be detected, monitored, and addressed with a combination of strategies before independence begins to suffer\">Read more<\/a><\/p>\n","protected":false},"author":19,"featured_media":25255,"comment_status":"open","ping_status":"closed","sticky":false,"template":"","format":"standard","meta":{"footnotes":""},"categories":[13],"tags":[],"class_list":["post-25254","post","type-post","status-publish","format-standard","has-post-thumbnail","hentry","category-health","resize-featured-image"],"_links":{"self":[{"href":"https:\/\/okdiario.com\/metabolic\/en\/wp-json\/wp\/v2\/posts\/25254","targetHints":{"allow":["GET"]}}],"collection":[{"href":"https:\/\/okdiario.com\/metabolic\/en\/wp-json\/wp\/v2\/posts"}],"about":[{"href":"https:\/\/okdiario.com\/metabolic\/en\/wp-json\/wp\/v2\/types\/post"}],"author":[{"embeddable":true,"href":"https:\/\/okdiario.com\/metabolic\/en\/wp-json\/wp\/v2\/users\/19"}],"replies":[{"embeddable":true,"href":"https:\/\/okdiario.com\/metabolic\/en\/wp-json\/wp\/v2\/comments?post=25254"}],"version-history":[{"count":1,"href":"https:\/\/okdiario.com\/metabolic\/en\/wp-json\/wp\/v2\/posts\/25254\/revisions"}],"predecessor-version":[{"id":25256,"href":"https:\/\/okdiario.com\/metabolic\/en\/wp-json\/wp\/v2\/posts\/25254\/revisions\/25256"}],"wp:featuredmedia":[{"embeddable":true,"href":"https:\/\/okdiario.com\/metabolic\/en\/wp-json\/wp\/v2\/media\/25255"}],"wp:attachment":[{"href":"https:\/\/okdiario.com\/metabolic\/en\/wp-json\/wp\/v2\/media?parent=25254"}],"wp:term":[{"taxonomy":"category","embeddable":true,"href":"https:\/\/okdiario.com\/metabolic\/en\/wp-json\/wp\/v2\/categories?post=25254"},{"taxonomy":"post_tag","embeddable":true,"href":"https:\/\/okdiario.com\/metabolic\/en\/wp-json\/wp\/v2\/tags?post=25254"}],"curies":[{"name":"wp","href":"https:\/\/api.w.org\/{rel}","templated":true}]}}